{"id":179753,"date":"2025-12-08T09:07:13","date_gmt":"2025-12-08T09:07:13","guid":{"rendered":"https:\/\/www.europesays.com\/pt\/179753\/"},"modified":"2025-12-08T09:07:13","modified_gmt":"2025-12-08T09:07:13","slug":"serie-de-telemoveis-galaxy-s26-tera-carregamento-sem-fios-mais-rapido","status":"publish","type":"post","link":"https:\/\/www.europesays.com\/pt\/179753\/","title":{"rendered":"S\u00e9rie de telem\u00f3veis Galaxy S26 ter\u00e1 carregamento sem fios mais r\u00e1pido"},"content":{"rendered":"<p>A s\u00e9rie de telem\u00f3veis Galaxy S26 da Samsung tem lan\u00e7amento previsto para o come\u00e7o de 2026 e, a julgar pelos mais recentes rumores, os interessados nesta pr\u00f3xima gera\u00e7\u00e3o de dispositivos m\u00f3veis da marca sul-coreana t\u00eam bons motivos para estarem atentos.<\/p>\n<p>Isto porque, de acordo com o site alem\u00e3o WinFuture, a Samsung pretende acelerar o carregamento sem fios dos telem\u00f3veis da s\u00e9rie Galaxy S26.<\/p>\n<p>Ao que parece, a Samsung pretende lan\u00e7ar um novo carregador sem fios compat\u00edvel com os telem\u00f3veis da s\u00e9rie Galaxy S26 que apresente uma velocidade de carregamento superior \u00e0 verificada at\u00e9 aqui nos modelos da marca. Alegadamente, este novo carregador suportar\u00e1 velocidades de carregamento sem fios de 25W e ter\u00e1 uma cor cinzenta escura.<\/p>\n<p>Serve recordar que o Galaxy 25 Ultra &#8211; o topo de gama lan\u00e7ado pela Samsung no come\u00e7o de 2025 &#8211; tinha uma velocidade de carregamento r\u00e1pido sem fios de apenas 20W.<\/p>\n<p>Acredita-se tamb\u00e9m que a Samsung pretende acelerar a velocidade de carregamento com fios do novo topo de gama, o <a href=\"https:\/\/www.noticiasaominuto.com\/tech\/2896371\/samsung-vai-acelerar-carregamento-da-bateria-em-topo-de-gama\" target=\"_blank\" rel=\"noopener nofollow\">Galaxy S26 Ultra<\/a>. As \u00faltimas informa\u00e7\u00f5es d\u00e3o conta que este modelo da pr\u00f3xima gera\u00e7\u00e3o da Samsung ter\u00e1 um carregamento r\u00e1pido com fios de 60W.<\/p>\n<p>Leia Tamb\u00e9m: <a href=\"https:\/\/www.noticiasaominuto.com\/tech\/2894355\/ia-usada-na-serie-galaxy-s26-nao-sera-da-google\" target=\"_blank\" rel=\"noopener noreferrer nofollow\">IA usada na s\u00e9rie Galaxy S26 n\u00e3o ser\u00e1 da Google<\/a><\/p>\n","protected":false},"excerpt":{"rendered":"A s\u00e9rie de telem\u00f3veis Galaxy S26 da Samsung tem lan\u00e7amento previsto para o come\u00e7o de 2026 e, a&hellip;\n","protected":false},"author":2,"featured_media":179754,"comment_status":"","ping_status":"","sticky":false,"template":"","format":"standard","meta":{"footnotes":""},"categories":[84],"tags":[109,107,108,32,33,105,103,104,106,110],"class_list":{"0":"post-179753","1":"post","2":"type-post","3":"status-publish","4":"format-standard","5":"has-post-thumbnail","7":"category-ciencia-e-tecnologia","8":"tag-ciencia","9":"tag-ciencia-e-tecnologia","10":"tag-cienciaetecnologia","11":"tag-portugal","12":"tag-pt","13":"tag-science","14":"tag-science-and-technology","15":"tag-scienceandtechnology","16":"tag-technology","17":"tag-tecnologia"},"share_on_mastodon":{"url":"https:\/\/pubeurope.com\/@pt\/115683160440552952","error":""},"_links":{"self":[{"href":"https:\/\/www.europesays.com\/pt\/wp-json\/wp\/v2\/posts\/179753","targetHints":{"allow":["GET"]}}],"collection":[{"href":"https:\/\/www.europesays.com\/pt\/wp-json\/wp\/v2\/posts"}],"about":[{"href":"https:\/\/www.europesays.com\/pt\/wp-json\/wp\/v2\/types\/post"}],"author":[{"embeddable":true,"href":"https:\/\/www.europesays.com\/pt\/wp-json\/wp\/v2\/users\/2"}],"replies":[{"embeddable":true,"href":"https:\/\/www.europesays.com\/pt\/wp-json\/wp\/v2\/comments?post=179753"}],"version-history":[{"count":0,"href":"https:\/\/www.europesays.com\/pt\/wp-json\/wp\/v2\/posts\/179753\/revisions"}],"wp:featuredmedia":[{"embeddable":true,"href":"https:\/\/www.europesays.com\/pt\/wp-json\/wp\/v2\/media\/179754"}],"wp:attachment":[{"href":"https:\/\/www.europesays.com\/pt\/wp-json\/wp\/v2\/media?parent=179753"}],"wp:term":[{"taxonomy":"category","embeddable":true,"href":"https:\/\/www.europesays.com\/pt\/wp-json\/wp\/v2\/categories?post=179753"},{"taxonomy":"post_tag","embeddable":true,"href":"https:\/\/www.europesays.com\/pt\/wp-json\/wp\/v2\/tags?post=179753"}],"curies":[{"name":"wp","href":"https:\/\/api.w.org\/{rel}","templated":true}]}}