{"id":179755,"date":"2025-12-08T09:09:09","date_gmt":"2025-12-08T09:09:09","guid":{"rendered":"https:\/\/www.europesays.com\/pt\/179755\/"},"modified":"2025-12-08T09:09:09","modified_gmt":"2025-12-08T09:09:09","slug":"ataque-aereo-da-tailandia-na-fronteira-mata-quatro-pessoas-do-camboja-tailandia","status":"publish","type":"post","link":"https:\/\/www.europesays.com\/pt\/179755\/","title":{"rendered":"Ataque a\u00e9reo da Tail\u00e2ndia na fronteira mata quatro pessoas do Camboja | Tail\u00e2ndia"},"content":{"rendered":"<p>O Ex\u00e9rcito tailand\u00eas lan\u00e7ou ataques a\u00e9reos na fronteira, depois da morte de um soldado por tiros supostamente vindos do lado cambojano, num quadro de reacendimento dos confrontos armados entre os dois pa\u00edses. Morreram quatro civis cambojanos e nove pessoas ficaram feridas, avan\u00e7ou o ministro da Administra\u00e7\u00e3o Interna do Camboja, Neth Pheaktra, numa publica\u00e7\u00e3o no Facebook.<\/p>\n<p>As For\u00e7as Armadas tailandesas, segundo confirmaram em comunicado, tamb\u00e9m relatam a exist\u00eancia de quatro militares feridos nos confrontos e esclarecem que se trata de &#8220;uma resposta \u00e0s opera\u00e7\u00f5es militares cambojanas&#8221;, enquanto Phnom Penh nega ter iniciado os disparos.<\/p>\n<p>Banguecoque garante que atacou &#8220;apenas infra-estruturas militares, dep\u00f3sitos de armas, centros de comando e rotas de apoio ao combate&#8221; associadas a actividades consideradas como uma amea\u00e7a \u00e0 <a href=\"https:\/\/www.publico.pt\/2025\/07\/25\/mundo\/noticia\/130-mil-deslocados-dois-dias-confrontos-tailandia-camboja-2141753\" target=\"_blank\" rel=\"nofollow noopener\">seguran\u00e7a nacional<\/a> tailandesa.<\/p>\n<p>Por outro lado, relat\u00f3rios militares d\u00e3o conta de numerosos confrontos nas \u00faltimas 24 horas em v\u00e1rios pontos dos quase 820 quil\u00f3metros de fronteira, onde ambos os Governos come\u00e7aram a retirar civis e a mobilizar pessoal e material de defesa.<\/p>\n<p>Phnom Penh, por sua vez, voltou a acusar a <a href=\"https:\/\/www.publico.pt\/tailandia\" target=\"_blank\" rel=\"nofollow noopener\">Tail\u00e2ndia <\/a>de ser respons\u00e1vel por v\u00e1rias provoca\u00e7\u00f5es nos \u00faltimos dias e garantiu, nesta segunda-feira, que os soldados cambojanos n\u00e3o retaliaram aos ataques inimigos.<\/p>\n<p>Desde que as fronteiras dos dois pa\u00edses foram tra\u00e7adas, h\u00e1 mais de um s\u00e9culo, a rela\u00e7\u00e3o \u00e9 hostil. Em 2008, o <a href=\"https:\/\/www.publico.pt\/camboja\" target=\"_blank\" rel=\"nofollow noopener\">Camboja <\/a>tentou registar como Patrim\u00f3nio Mundial da UNESCO um templo na \u00e1rea territorial contestada o que agravou as tens\u00f5es que, desde ent\u00e3o, t\u00eam desencadeado confrontos. Em 2011, a decis\u00e3o foi formalizada e levou a in\u00fameros ataques que causaram pelo menos 28 mortos e dezenas de milhares de pessoas deslocadas.<\/p>\n<p>O conflito reacendeu-se neste ano, mais concretamente desde Fevereiro, quando cada um dos pa\u00edses come\u00e7ou a denunciar incurs\u00f5es do outro em zonas disputadas. No final de Maio, a morte de um soldado cambojano levou a uma s\u00e9rie de epis\u00f3dios de viol\u00eancia e, em <a href=\"https:\/\/www.publico.pt\/2025\/07\/25\/mundo\/noticia\/130-mil-deslocados-dois-dias-confrontos-tailandia-camboja-2141753\" target=\"_blank\" rel=\"nofollow noopener\">Julho<\/a>, os ataques de ambas as partes fizeram mais de 30 mortos, tornando-se os mais mort\u00edferos dos \u00faltimos 13 anos.<\/p>\n<p>Em Julho, ao terceiro dia do conflito, <a href=\"https:\/\/www.publico.pt\/2025\/07\/26\/mundo\/noticia\/camboja-pede-cessarfogo-imediato-terceiro-dia-conflito-tailandia-2141886\" target=\"_blank\" rel=\"nofollow noopener\">Donald Trump interveio<\/a>, falando com os primeiros-ministros de ambos os pa\u00edses e avan\u00e7ando que estes tinham concordado em encontrar-se para trabalhar num cessar-fogo \u2014 um processo que detalhou passo a passo em v\u00e1rias publica\u00e7\u00f5es nas redes sociais. Para for\u00e7ar ao entendimento das partes, Trump amea\u00e7ou ambos os l\u00edderes pol\u00edticos com restri\u00e7\u00f5es de trocas comerciais.<\/p>\n<p>Na cimeira da ASEAN, na Mal\u00e1sia, a 26 de Outubro deste ano, o primeiro-ministro da Tail\u00e2ndia Anutin Charnvirakul, e Hun Manet, chefe do Governo do Camboja, <a href=\"https:\/\/www.publico.pt\/2025\/10\/26\/mundo\/noticia\/tailandia-camboja-assinam-acordo-paz-presenca-trump-2152195\" target=\"_blank\" rel=\"nofollow noopener\">assinaram um acordo de paz<\/a>, na presen\u00e7a de Donald Trump. O chefe de Estado norte-americano disse, naquela altura, ter acabado com &#8220;oito guerras em oito meses&#8221;.<\/p>\n<p>Contudo, o Governo Tailand\u00eas anunciou a <a href=\"https:\/\/www.publico.pt\/2025\/11\/10\/mundo\/noticia\/tailandia-suspende-acordo-cessarfogo-camboja-mediado-trump-apos-incidente-mina-2154035\" target=\"_blank\" rel=\"nofollow noopener\">suspens\u00e3o do cessar-fogo<\/a> duas semanas depois, principalmente devido ao facto de responsabilizar o Camboja pela explos\u00e3o de uma mina terrestre na fronteira entre os dois pa\u00edses, que levou a que quatro soldados tailandeses ficassem feridos, incluindo um que ter\u00e1 perdido uma perna. Como resultado, Nattapon Nakpanich, ministro da Defesa da Tail\u00e2ndia, suspendeu a liberta\u00e7\u00e3o de 18 prisioneiros cambojanos e a retirada dos carros blindados e de armamento pesado na fronteira.<\/p>\n","protected":false},"excerpt":{"rendered":"O Ex\u00e9rcito tailand\u00eas lan\u00e7ou ataques a\u00e9reos na fronteira, depois da morte de um soldado por tiros supostamente vindos&hellip;\n","protected":false},"author":2,"featured_media":179756,"comment_status":"","ping_status":"","sticky":false,"template":"","format":"standard","meta":{"footnotes":""},"categories":[50],"tags":[367,27,28,928,353,15,16,14,25,26,21,22,62,12,13,19,20,542,23,24,927,17,18,29,30,31,63,64,65],"class_list":{"0":"post-179755","1":"post","2":"type-post","3":"status-publish","4":"format-standard","5":"has-post-thumbnail","7":"category-mundo","8":"tag-asia","9":"tag-breaking-news","10":"tag-breakingnews","11":"tag-camboja","12":"tag-em-destaque","13":"tag-featured-news","14":"tag-featurednews","15":"tag-headlines","16":"tag-latest-news","17":"tag-latestnews","18":"tag-main-news","19":"tag-mainnews","20":"tag-mundo","21":"tag-news","22":"tag-noticias","23":"tag-noticias-principais","24":"tag-noticiasprincipais","25":"tag-para-redes","26":"tag-principais-noticias","27":"tag-principaisnoticias","28":"tag-tailandia","29":"tag-top-stories","30":"tag-topstories","31":"tag-ultimas","32":"tag-ultimas-noticias","33":"tag-ultimasnoticias","34":"tag-world","35":"tag-world-news","36":"tag-worldnews"},"share_on_mastodon":{"url":"https:\/\/pubeurope.com\/@pt\/115683168435402192","error":""},"_links":{"self":[{"href":"https:\/\/www.europesays.com\/pt\/wp-json\/wp\/v2\/posts\/179755","targetHints":{"allow":["GET"]}}],"collection":[{"href":"https:\/\/www.europesays.com\/pt\/wp-json\/wp\/v2\/posts"}],"about":[{"href":"https:\/\/www.europesays.com\/pt\/wp-json\/wp\/v2\/types\/post"}],"author":[{"embeddable":true,"href":"https:\/\/www.europesays.com\/pt\/wp-json\/wp\/v2\/users\/2"}],"replies":[{"embeddable":true,"href":"https:\/\/www.europesays.com\/pt\/wp-json\/wp\/v2\/comments?post=179755"}],"version-history":[{"count":0,"href":"https:\/\/www.europesays.com\/pt\/wp-json\/wp\/v2\/posts\/179755\/revisions"}],"wp:featuredmedia":[{"embeddable":true,"href":"https:\/\/www.europesays.com\/pt\/wp-json\/wp\/v2\/media\/179756"}],"wp:attachment":[{"href":"https:\/\/www.europesays.com\/pt\/wp-json\/wp\/v2\/media?parent=179755"}],"wp:term":[{"taxonomy":"category","embeddable":true,"href":"https:\/\/www.europesays.com\/pt\/wp-json\/wp\/v2\/categories?post=179755"},{"taxonomy":"post_tag","embeddable":true,"href":"https:\/\/www.europesays.com\/pt\/wp-json\/wp\/v2\/tags?post=179755"}],"curies":[{"name":"wp","href":"https:\/\/api.w.org\/{rel}","templated":true}]}}