{"id":179757,"date":"2025-12-08T09:10:36","date_gmt":"2025-12-08T09:10:36","guid":{"rendered":"https:\/\/www.europesays.com\/pt\/179757\/"},"modified":"2025-12-08T09:10:36","modified_gmt":"2025-12-08T09:10:36","slug":"e-de-celorico-de-basto-o-unico-casal-do-pais-onde-ambos-tem-mais-de-100-anos","status":"publish","type":"post","link":"https:\/\/www.europesays.com\/pt\/179757\/","title":{"rendered":"\u00c9 de Celorico de Basto o \u00fanico casal do pa\u00eds onde ambos t\u00eam mais de 100 anos"},"content":{"rendered":"<p>Albertina Magalh\u00e3es e Manuel Oliveira s\u00e3o, a partir desta semana, o \u00fanico casal do pa\u00eds onde ambos t\u00eam mais de 100 anos. A celebra\u00e7\u00e3o do centen\u00e1rio de Albertina decorreu na passada sexta-feira, e o casal posou para a fotografia. <\/p>\n<p>&#13;<br \/>\n&#13;<br \/>\n&#13;<\/p>\n<p>Numa publica\u00e7\u00e3o nas redes sociais, a Junta de Freguesia de Borba da Montanha, no concelho de Celorico de Basto, partilhou o \u201cimenso orgulho e profundo sentimento de apre\u00e7o\u201d, em nome de todos os habitantes, \u00e0 homenagem concedida a Albertina pelos seus 100 anos de idade. <\/p>\n<p>\u201cHoje celebramos o seu not\u00e1vel centen\u00e1rio de vida, uma jornada que tem servido de inspira\u00e7\u00e3o e refer\u00eancia para a nossa comunidade. A sua dedica\u00e7\u00e3o, resili\u00eancia e o exemplo que representa s\u00e3o pilares que enriquecem o esp\u00edrito da nossa freguesia\u201d, pode ler-se na publica\u00e7\u00e3o. <\/p>\n<p>\u201cEstendemos, igualmente, os nossos votos de felicidades ao seu marido, que a acompanha nesta caminhada, e a toda a sua fam\u00edlia, que este dia seja repleto de alegria e carinho. Um forte abra\u00e7o de toda a Freguesia de Borba da Montanha\u201d, termina a autarquia. <\/p>\n<p>De acordo com uma reportagem do Correio da Manh\u00e3, o casal est\u00e1 junto em matrim\u00f3nio h\u00e1 77 anos, e Albertina ainda faz muito do trabalho dom\u00e9stico. J\u00e1 Manuel encontra-se mais limitado, mas tamb\u00e9m marcou presen\u00e7a nas celebra\u00e7\u00f5es do anivers\u00e1rio da esposa.<\/p>\n","protected":false},"excerpt":{"rendered":"Albertina Magalh\u00e3es e Manuel Oliveira s\u00e3o, a partir desta semana, o \u00fanico casal do pa\u00eds onde ambos t\u00eam&hellip;\n","protected":false},"author":2,"featured_media":179758,"comment_status":"","ping_status":"","sticky":false,"template":"","format":"standard","meta":{"footnotes":""},"categories":[10],"tags":[27,28,15,16,14,25,26,21,22,12,13,19,20,32,23,24,33,17,18,29,30,31],"class_list":{"0":"post-179757","1":"post","2":"type-post","3":"status-publish","4":"format-standard","5":"has-post-thumbnail","7":"category-portugal","8":"tag-breaking-news","9":"tag-breakingnews","10":"tag-featured-news","11":"tag-featurednews","12":"tag-headlines","13":"tag-latest-news","14":"tag-latestnews","15":"tag-main-news","16":"tag-mainnews","17":"tag-news","18":"tag-noticias","19":"tag-noticias-principais","20":"tag-noticiasprincipais","21":"tag-portugal","22":"tag-principais-noticias","23":"tag-principaisnoticias","24":"tag-pt","25":"tag-top-stories","26":"tag-topstories","27":"tag-ultimas","28":"tag-ultimas-noticias","29":"tag-ultimasnoticias"},"share_on_mastodon":{"url":"https:\/\/pubeurope.com\/@pt\/115683172200473730","error":""},"_links":{"self":[{"href":"https:\/\/www.europesays.com\/pt\/wp-json\/wp\/v2\/posts\/179757","targetHints":{"allow":["GET"]}}],"collection":[{"href":"https:\/\/www.europesays.com\/pt\/wp-json\/wp\/v2\/posts"}],"about":[{"href":"https:\/\/www.europesays.com\/pt\/wp-json\/wp\/v2\/types\/post"}],"author":[{"embeddable":true,"href":"https:\/\/www.europesays.com\/pt\/wp-json\/wp\/v2\/users\/2"}],"replies":[{"embeddable":true,"href":"https:\/\/www.europesays.com\/pt\/wp-json\/wp\/v2\/comments?post=179757"}],"version-history":[{"count":0,"href":"https:\/\/www.europesays.com\/pt\/wp-json\/wp\/v2\/posts\/179757\/revisions"}],"wp:featuredmedia":[{"embeddable":true,"href":"https:\/\/www.europesays.com\/pt\/wp-json\/wp\/v2\/media\/179758"}],"wp:attachment":[{"href":"https:\/\/www.europesays.com\/pt\/wp-json\/wp\/v2\/media?parent=179757"}],"wp:term":[{"taxonomy":"category","embeddable":true,"href":"https:\/\/www.europesays.com\/pt\/wp-json\/wp\/v2\/categories?post=179757"},{"taxonomy":"post_tag","embeddable":true,"href":"https:\/\/www.europesays.com\/pt\/wp-json\/wp\/v2\/tags?post=179757"}],"curies":[{"name":"wp","href":"https:\/\/api.w.org\/{rel}","templated":true}]}}