{"id":179759,"date":"2025-12-08T09:12:33","date_gmt":"2025-12-08T09:12:33","guid":{"rendered":"https:\/\/www.europesays.com\/pt\/179759\/"},"modified":"2025-12-08T09:12:33","modified_gmt":"2025-12-08T09:12:33","slug":"elton-john-afirma-que-a-sua-perda-de-visao-se-agravou-07-12-2025-ilustrada","status":"publish","type":"post","link":"https:\/\/www.europesays.com\/pt\/179759\/","title":{"rendered":"Elton John afirma que a sua perda de vis\u00e3o se agravou &#8211; 07\/12\/2025 &#8211; Ilustrada"},"content":{"rendered":"<p><a href=\"https:\/\/www1.folha.uol.com.br\/folha-topicos\/elton-john\/\" rel=\"nofollow noopener\" target=\"\">Elton John<\/a> diz que a perda parcial de vis\u00e3o que teve ap\u00f3s contrair uma infec\u00e7\u00e3o se agravou tanto que, atualmente, ele n\u00e3o consegue ver mais nada.<\/p>\n<p>&#8220;Foi algo devastador&#8221;, disse ele, em entrevista \u00e0 revista Variety. &#8220;Como perdi a vis\u00e3o do olho direito e o esquerdo n\u00e3o est\u00e1 bem, os \u00faltimos 15 meses t\u00eam sido um desafio para mim, porque n\u00e3o consigo ver nada.&#8221;<\/p>\n<p>O cantor, no entanto, tem esperan\u00e7a de um dia recuperar a vis\u00e3o. &#8220;Apenas preciso ter paci\u00eancia e esperar que um dia a ci\u00eancia me ajude com isso. Quando me ajudarem, ficarei bem.&#8221;<\/p>\n<p>Elton John teve perda grave de vis\u00e3o ap\u00f3s contrair uma infec\u00e7\u00e3o ocular em julho de 2024. Ele perdeu totalmente a vis\u00e3o do olho direito e parcialmente a do olho esquerdo.<\/p>\n<p>Em abril deste ano, <a href=\"https:\/\/f5.folha.uol.com.br\/celebridades\/2025\/04\/quase-cego-elton-john-desabafa-sobre-limitacoes-nao-posso-ver-meus-filhos-jogando-futebol.shtml\" rel=\"nofollow noopener\" target=\"\">o artista j\u00e1 havia falado sobre as dificuldades <\/a>que tem enfrentado desde que contraiu a infec\u00e7\u00e3o. &#8220;N\u00e3o consigo ler. N\u00e3o consigo ver meus filhos jogando rugby e futebol. Eram coisas que eu costumava curtir muito. Tem sido estressante e angustiante.&#8221;<\/p>\n<p>Apesar dos problemas, o artista continua na ativa. Em setembro de 2026, ele desembarca no Brasil para se apresentar no palco mundo no Rock in Rio.<\/p>\n","protected":false},"excerpt":{"rendered":"Elton John diz que a perda parcial de vis\u00e3o que teve ap\u00f3s contrair uma infec\u00e7\u00e3o se agravou tanto&hellip;\n","protected":false},"author":2,"featured_media":179760,"comment_status":"","ping_status":"","sticky":false,"template":"","format":"standard","meta":{"footnotes":""},"categories":[145],"tags":[207,211,210,1270,114,115,236,150,214,32,33,763],"class_list":{"0":"post-179759","1":"post","2":"type-post","3":"status-publish","4":"format-standard","5":"has-post-thumbnail","7":"category-celebridades","8":"tag-arte","9":"tag-celebridades","10":"tag-celebrities","11":"tag-elton-john","12":"tag-entertainment","13":"tag-entretenimento","14":"tag-folha","15":"tag-musica","16":"tag-pop","17":"tag-portugal","18":"tag-pt","19":"tag-rock-in-rio"},"share_on_mastodon":{"url":"https:\/\/pubeurope.com\/@pt\/115683180071658615","error":""},"_links":{"self":[{"href":"https:\/\/www.europesays.com\/pt\/wp-json\/wp\/v2\/posts\/179759","targetHints":{"allow":["GET"]}}],"collection":[{"href":"https:\/\/www.europesays.com\/pt\/wp-json\/wp\/v2\/posts"}],"about":[{"href":"https:\/\/www.europesays.com\/pt\/wp-json\/wp\/v2\/types\/post"}],"author":[{"embeddable":true,"href":"https:\/\/www.europesays.com\/pt\/wp-json\/wp\/v2\/users\/2"}],"replies":[{"embeddable":true,"href":"https:\/\/www.europesays.com\/pt\/wp-json\/wp\/v2\/comments?post=179759"}],"version-history":[{"count":0,"href":"https:\/\/www.europesays.com\/pt\/wp-json\/wp\/v2\/posts\/179759\/revisions"}],"wp:featuredmedia":[{"embeddable":true,"href":"https:\/\/www.europesays.com\/pt\/wp-json\/wp\/v2\/media\/179760"}],"wp:attachment":[{"href":"https:\/\/www.europesays.com\/pt\/wp-json\/wp\/v2\/media?parent=179759"}],"wp:term":[{"taxonomy":"category","embeddable":true,"href":"https:\/\/www.europesays.com\/pt\/wp-json\/wp\/v2\/categories?post=179759"},{"taxonomy":"post_tag","embeddable":true,"href":"https:\/\/www.europesays.com\/pt\/wp-json\/wp\/v2\/tags?post=179759"}],"curies":[{"name":"wp","href":"https:\/\/api.w.org\/{rel}","templated":true}]}}