{"id":179779,"date":"2025-12-08T09:35:11","date_gmt":"2025-12-08T09:35:11","guid":{"rendered":"https:\/\/www.europesays.com\/pt\/179779\/"},"modified":"2025-12-08T09:35:11","modified_gmt":"2025-12-08T09:35:11","slug":"marisa-susana-reage-a-salvacao-marisa-em-primeiro-lugar-e-hoje","status":"publish","type":"post","link":"https:\/\/www.europesays.com\/pt\/179779\/","title":{"rendered":"Marisa Susana reage \u00e0 salva\u00e7\u00e3o Marisa em primeiro lugar: &#8220;E hoje\u2026&#8221;"},"content":{"rendered":"<p>\t\t\t\t\t\t\t\t\t\t\t\t<a href=\"#\" onclick=\"window.open('http:\/\/www.facebook.com\/sharer.php?u=https:\/\/cusquices.com\/marisa-susana-reage-a-salvacao-marisa-em-primeiro-lugar-e-hoje\/&amp;t=Marisa Susana reage \u00e0 salva\u00e7\u00e3o Marisa em primeiro lugar: \u201cE hoje\u2026\u201d', 'facebookShare', 'width=626,height=436'); return false;\" title=\"Share on Facebook\"><\/p>\n<p>Share<\/p>\n<p><\/a><br \/>\n\t\t\t\t\t\t\t\t\t\t\t\t<a href=\"#\" onclick=\"window.open('http:\/\/twitter.com\/share?text=Marisa Susana reage \u00e0 salva\u00e7\u00e3o Marisa em primeiro lugar: \u201cE hoje\u2026\u201d -&amp;url=https:\/\/cusquices.com\/marisa-susana-reage-a-salvacao-marisa-em-primeiro-lugar-e-hoje\/', 'twitterShare', 'width=626,height=436'); return false;\" title=\"Tweet This Post\"><\/p>\n<p>Tweet<\/p>\n<p><\/a><br \/>\n\t\t\t\t\t\t\t\t\t\t\t\t<a href=\"whatsapp:\/\/send?text=Marisa Susana reage \u00e0 salva\u00e7\u00e3o Marisa em primeiro lugar: \u201cE hoje\u2026\u201d https:\/\/cusquices.com\/marisa-susana-reage-a-salvacao-marisa-em-primeiro-lugar-e-hoje\/\" rel=\"nofollow\"><\/p>\n<p>Share<\/p>\n<p><\/a><br \/>\n\t\t\t\t\t\t\t\t\t\t\t\t<a href=\"#\" onclick=\"window.open('http:\/\/pinterest.com\/pin\/create\/button\/?url=https:\/\/cusquices.com\/marisa-susana-reage-a-salvacao-marisa-em-primeiro-lugar-e-hoje\/&amp;media=https:\/\/cusquices.com\/wp-content\/uploads\/2025\/12\/marisu-marisa-1000x600.jpg&amp;description=Marisa Susana reage \u00e0 salva\u00e7\u00e3o Marisa em primeiro lugar: \u201cE hoje\u2026\u201d', 'pinterestShare', 'width=750,height=350'); return false;\" title=\"Pin This Post\"><\/p>\n<p>Share<\/p>\n<p><\/a><br \/>\n\t\t\t\t\t\t\t\t\t\t\t\t<a href=\"mailto:?subject=Marisa Susana reage \u00e0 salva\u00e7\u00e3o Marisa em primeiro lugar: \u201cE hoje\u2026\u201d&amp;BODY=I found this article interesting and thought of sharing it with you. Check it out: https:\/\/cusquices.com\/marisa-susana-reage-a-salvacao-marisa-em-primeiro-lugar-e-hoje\/\"><\/p>\n<p>Email<\/p>\n<p><\/a><br \/>\n\t\t\t\t\t\t\t\t\t\t\t\t\t\t\t\t\t\t\t\t\t\t\t\t\t\t\t\t\t\t\t\t\t\t\t\t\t\t\t\t\t\t\t\t\t\t\t\t\t\t\t\t\t<a href=\"https:\/\/cusquices.com\/marisa-susana-reage-a-salvacao-marisa-em-primeiro-lugar-e-hoje\/#respond\" rel=\"nofollow noopener\" target=\"_blank\"><\/p>\n<p>Marisa Susana celebra salva\u00e7\u00e3o de Marisa.<\/p>\n<p>Esta noite, 7 de dezembro, \u00e9 noite de gala na casa mais vigiada do pa\u00eds. A noite ser\u00e1 de expuls\u00e3o e a casa mais vigiada do pa\u00eds vai perder mais um concorrente.<strong> Bruna, Liliana, Marisa e Pedro<\/strong> s\u00e3o os concorrentes em risco esta semana.<\/p>\n<p><strong>Marisa Pires, <\/strong>foi a primeira concorrente salva esta noite, com 36% dos votos. C\u00e1 fora, as rea\u00e7\u00f5es n\u00e3o se fizeram tardar e destaca-se a rea\u00e7\u00e3o de <strong>Marisa Susana, <\/strong>ex-concorrente do formato, que j\u00e1 reagiu \u00e0 salva\u00e7\u00e3o da empres\u00e1ria.<\/p>\n<p><strong>\u201cE hoje\u2026 a minha outra Marisa foi SALVA!  Que saudades deste Gang dos Frescos, das gargalhadas, das cumplicidades, dos planos e at\u00e9 das loucuras que s\u00f3 quem viveu sabe entender!\u201d<\/strong>, come\u00e7ou por dizer Marisa Susana.<\/p>\n<p>A wedding planner acrescentou de seguida:<strong> \u201cForam momentos t\u00e3o bons\u2026 uma aventura irrepet\u00edvel e uma oportunidade \u00fanica que vou guardar para sempre no cora\u00e7\u00e3o. A vida c\u00e1 fora segue, mas l\u00e1 dentro criou-se algo especial. E ver quem amo continuar a brilhar\u2026 aquece-me a alma! Vamossss, Marisa! Continua a surpreender!\u201d<\/strong><\/p>\n<blockquote class=\"instagram-media\" data-instgrm-captioned=\"\" data-instgrm-permalink=\"https:\/\/www.instagram.com\/reel\/DR-rmLPCjbD\/?utm_source=ig_embed&amp;utm_campaign=loading\" data-instgrm-version=\"14\" style=\" background:#FFF; border:0; border-radius:3px; box-shadow:0 0 1px 0 rgba(0,0,0,0.5),0 1px 10px 0 rgba(0,0,0,0.15); margin: 1px; max-width:540px; min-width:326px; padding:0; width:99.375%; width:-webkit-calc(100% - 2px); width:calc(100% - 2px);\"\/>\n<p><strong>Leia tamb\u00e9m:<\/strong><\/p>\n<p>\t\t\t\t\t\t\t\t\t\t\t\t\t\t\t\t\t\t\t\t\t\t\t\t\t<img decoding=\"async\" src=\"https:\/\/www.europesays.com\/pt\/wp-content\/uploads\/2025\/10\/cusquices-logo-52x.png\" class=\"webpexpress-processed\"\/><\/p>\n<p>\t\t\t\t\t\t\t\t\t\t\t\t\t\t\t\t\t\t\t\t\t            \t\t\t\t\t\t\t\t\t\t\t\t\t\t\t\t\t\t\t\t\t\t\t\t\t\t\t\t\t\t\t\t\t\t\t\t\t\t\t<script async src=\"https:\/\/platform.twitter.com\/widgets.js\" charset=\"utf-8\"><\/script><script async src=\"\/\/www.instagram.com\/embed.js\"><\/script><\/p>\n","protected":false},"excerpt":{"rendered":"Share Tweet Share Share Email Marisa Susana celebra salva\u00e7\u00e3o de Marisa. Esta noite, 7 de dezembro, \u00e9 noite&hellip;\n","protected":false},"author":2,"featured_media":179780,"comment_status":"","ping_status":"","sticky":false,"template":"","format":"standard","meta":{"footnotes":""},"categories":[85],"tags":[2632,49,114,115,21766,19153,32,33,227],"class_list":{"0":"post-179779","1":"post","2":"type-post","3":"status-publish","4":"format-standard","5":"has-post-thumbnail","7":"category-entretenimento","8":"tag-casa-dos-segredos","9":"tag-destaques","10":"tag-entertainment","11":"tag-entretenimento","12":"tag-marisa-pires","13":"tag-marisa-susana","14":"tag-portugal","15":"tag-pt","16":"tag-videos"},"share_on_mastodon":{"url":"https:\/\/pubeurope.com\/@pt\/115683271055202326","error":""},"_links":{"self":[{"href":"https:\/\/www.europesays.com\/pt\/wp-json\/wp\/v2\/posts\/179779","targetHints":{"allow":["GET"]}}],"collection":[{"href":"https:\/\/www.europesays.com\/pt\/wp-json\/wp\/v2\/posts"}],"about":[{"href":"https:\/\/www.europesays.com\/pt\/wp-json\/wp\/v2\/types\/post"}],"author":[{"embeddable":true,"href":"https:\/\/www.europesays.com\/pt\/wp-json\/wp\/v2\/users\/2"}],"replies":[{"embeddable":true,"href":"https:\/\/www.europesays.com\/pt\/wp-json\/wp\/v2\/comments?post=179779"}],"version-history":[{"count":0,"href":"https:\/\/www.europesays.com\/pt\/wp-json\/wp\/v2\/posts\/179779\/revisions"}],"wp:featuredmedia":[{"embeddable":true,"href":"https:\/\/www.europesays.com\/pt\/wp-json\/wp\/v2\/media\/179780"}],"wp:attachment":[{"href":"https:\/\/www.europesays.com\/pt\/wp-json\/wp\/v2\/media?parent=179779"}],"wp:term":[{"taxonomy":"category","embeddable":true,"href":"https:\/\/www.europesays.com\/pt\/wp-json\/wp\/v2\/categories?post=179779"},{"taxonomy":"post_tag","embeddable":true,"href":"https:\/\/www.europesays.com\/pt\/wp-json\/wp\/v2\/tags?post=179779"}],"curies":[{"name":"wp","href":"https:\/\/api.w.org\/{rel}","templated":true}]}}