{"id":179783,"date":"2025-12-08T09:39:20","date_gmt":"2025-12-08T09:39:20","guid":{"rendered":"https:\/\/www.europesays.com\/pt\/179783\/"},"modified":"2025-12-08T09:39:20","modified_gmt":"2025-12-08T09:39:20","slug":"ovos-moles-de-aveiro-nao-configuram-concorrencia-desleal-a-macarons","status":"publish","type":"post","link":"https:\/\/www.europesays.com\/pt\/179783\/","title":{"rendered":"Ovos\u2011moles de Aveiro n\u00e3o configuram concorr\u00eancia desleal a macarons"},"content":{"rendered":"<p>O Supremo Tribunal de Justi\u00e7a (STJ) revogou um ac\u00f3rd\u00e3o que obrigava a <a aria-label=\"content\" target=\"_blank\" href=\"https:\/\/www.instagram.com\/confeitaria.peixinho\/\" rel=\"nofollow noopener\">Confeitaria Peixinho<\/a>, no centro de Aveiro, a alterar a do\u00e7aria, a imagem e o layout do estabelecimento, concluindo que a renova\u00e7\u00e3o do espa\u00e7o n\u00e3o configurou concorr\u00eancia desleal face \u00e0 pastelaria parisiense Ladur\u00e9e, segundo relata o <a aria-label=\"content\" target=\"_blank\" href=\"https:\/\/www.noticiasdeaveiro.pt\/confeitaria-peixinho-ve-revogada-decisao-judicial-que-obrigava-a-alterar-docaria-e-imagem\/\" rel=\"nofollow noopener\">Not\u00edcias de Aveiro<\/a>.<\/p>\n<p>No ac\u00f3rd\u00e3o, o tribunal reconhece que a interven\u00e7\u00e3o procurou &#8220;conciliar a tradi\u00e7\u00e3o&#8221; da Confeitaria Peixinho com a hist\u00f3ria da cidade, recorrendo a elementos inspirados na Arte Nova. Com isto, tanto estilo como tonalidades ficaram semelhantes \u00e0s apontadas pela queixosa, mas os ju\u00edzes entenderam que essas semelhan\u00e7as n\u00e3o eram suficientes para criar confus\u00e3o entre os consumidores.<\/p>\n<p>Isto porque, sublinharam os magistrados do Supremo Tribunal de Justi\u00e7a ovos moles e macarons \u201cn\u00e3o s\u00e3o confund\u00edveis, seja pela forma como s\u00e3o apresentados ao consumidor, seja pela sua composi\u00e7\u00e3o\u201d, bem como \u201c\u00e9 tamb\u00e9m diferente a composi\u00e7\u00e3o de cada um, al\u00e9m de que os \u201covos moles s\u00e3o claramente associados a uma cidade portuguesa, Aveiro\u201d, pode ler-se no ac\u00f3rd\u00e3o, citado por aquele jornal regional.<\/p>\n<p>Al\u00e9m disso, declaram ainda os magistrados do Supremo que n\u00e3o houve sequer qualquer perda de clientela da Ladur\u00e9e, nem vantagem indevida obtida pela r\u00e9.<\/p>\n<p>Com a decis\u00e3o, fica sem efeito a obriga\u00e7\u00e3o de a Confeitaria Peixinho proceder \u00e0s altera\u00e7\u00f5es exigidas pela Ladur\u00e9e, algo que a Rela\u00e7\u00e3o do Porto tinha antes ordenado &#8212; depois de a primeira inst\u00e2ncia ter absolvido a casa de ovos moles. <\/p>\n<p>A Peixinho poder\u00e1 assim manter a sua doce e hist\u00f3rica atividade em Aveiro com o novo layout j\u00e1 sem preocupa\u00e7\u00f5es.<\/p>\n<p><script async src=\"\/\/www.instagram.com\/embed.js\"><\/script><\/p>\n","protected":false},"excerpt":{"rendered":"O Supremo Tribunal de Justi\u00e7a (STJ) revogou um ac\u00f3rd\u00e3o que obrigava a Confeitaria Peixinho, no centro de Aveiro,&hellip;\n","protected":false},"author":2,"featured_media":179784,"comment_status":"","ping_status":"","sticky":false,"template":"","format":"standard","meta":{"footnotes":""},"categories":[10],"tags":[1563,27,28,15,16,14,603,25,26,21,22,12,13,19,20,36922,36921,32,23,24,33,19240,17,18,29,30,31],"class_list":{"0":"post-179783","1":"post","2":"type-post","3":"status-publish","4":"format-standard","5":"has-post-thumbnail","7":"category-portugal","8":"tag-aveiro","9":"tag-breaking-news","10":"tag-breakingnews","11":"tag-featured-news","12":"tag-featurednews","13":"tag-headlines","14":"tag-justica","15":"tag-latest-news","16":"tag-latestnews","17":"tag-main-news","18":"tag-mainnews","19":"tag-news","20":"tag-noticias","21":"tag-noticias-principais","22":"tag-noticiasprincipais","23":"tag-ovos-moles","24":"tag-pastelaria","25":"tag-portugal","26":"tag-principais-noticias","27":"tag-principaisnoticias","28":"tag-pt","29":"tag-supremo-tribunal-de-justica","30":"tag-top-stories","31":"tag-topstories","32":"tag-ultimas","33":"tag-ultimas-noticias","34":"tag-ultimasnoticias"},"share_on_mastodon":{"url":"https:\/\/pubeurope.com\/@pt\/115683286302119822","error":""},"_links":{"self":[{"href":"https:\/\/www.europesays.com\/pt\/wp-json\/wp\/v2\/posts\/179783","targetHints":{"allow":["GET"]}}],"collection":[{"href":"https:\/\/www.europesays.com\/pt\/wp-json\/wp\/v2\/posts"}],"about":[{"href":"https:\/\/www.europesays.com\/pt\/wp-json\/wp\/v2\/types\/post"}],"author":[{"embeddable":true,"href":"https:\/\/www.europesays.com\/pt\/wp-json\/wp\/v2\/users\/2"}],"replies":[{"embeddable":true,"href":"https:\/\/www.europesays.com\/pt\/wp-json\/wp\/v2\/comments?post=179783"}],"version-history":[{"count":0,"href":"https:\/\/www.europesays.com\/pt\/wp-json\/wp\/v2\/posts\/179783\/revisions"}],"wp:featuredmedia":[{"embeddable":true,"href":"https:\/\/www.europesays.com\/pt\/wp-json\/wp\/v2\/media\/179784"}],"wp:attachment":[{"href":"https:\/\/www.europesays.com\/pt\/wp-json\/wp\/v2\/media?parent=179783"}],"wp:term":[{"taxonomy":"category","embeddable":true,"href":"https:\/\/www.europesays.com\/pt\/wp-json\/wp\/v2\/categories?post=179783"},{"taxonomy":"post_tag","embeddable":true,"href":"https:\/\/www.europesays.com\/pt\/wp-json\/wp\/v2\/tags?post=179783"}],"curies":[{"name":"wp","href":"https:\/\/api.w.org\/{rel}","templated":true}]}}