{"id":179785,"date":"2025-12-08T09:41:10","date_gmt":"2025-12-08T09:41:10","guid":{"rendered":"https:\/\/www.europesays.com\/pt\/179785\/"},"modified":"2025-12-08T09:41:10","modified_gmt":"2025-12-08T09:41:10","slug":"filhas-de-neymar-roubam-a-cena-no-estadio-em-dia-marcante-para-o-pai","status":"publish","type":"post","link":"https:\/\/www.europesays.com\/pt\/179785\/","title":{"rendered":"Filhas de Neymar roubam a cena no est\u00e1dio em dia marcante para o pai"},"content":{"rendered":"<p>O jogador de futebol\u00a0<a href=\"https:\/\/caras.com.br\/tags\/neymar-jr\" target=\"_blank\" rel=\"noopener nofollow\"><strong>Neymar Jr<\/strong><\/a> viveu um <a href=\"https:\/\/caras.com.br\/atualidades\/dedo-da-filha-de-neymar-imagem-atualizada-surpreende-e-revela-situacao-real-o-que-mudou.phtml\" rel=\"nofollow noopener\" target=\"_blank\">momento<\/a> especial neste domingo, 7. Ele levou as filhas, <strong>Mavie, Helena <\/strong>e <strong>Mel,<\/strong> ao gramado da Vila Belmiro, em Santos, no litoral de S\u00e3o Paulo, onde o time venceu o Cruzeiro por 3 a 0 pelo Brasileir\u00e3o. As pequenas acabaram roubando a cena e chamando a aten\u00e7\u00e3o da torcida.<\/p>\n<p>Em um v\u00eddeo compartilhado nas redes sociais, \u00e9 poss\u00edvel ver que, enquanto<strong> Bruna Biancardi<\/strong>, esposa do jogador, posava para fotos com a ca\u00e7ula nos bra\u00e7os, Mavie acenava para os torcedores. J\u00e1 Helena, filha de Neymar com a modelo <strong>Amanda Kimberly<\/strong>, aparecia encantada ao perceber a c\u00e2mera.<\/p>\n<p>Na legenda da publica\u00e7\u00e3o, f\u00e3s se encantaram com o momento. \u201cDeus aben\u00e7oe Neymar e Bruna e as filhas lindas\u201d, disse uma. \u201cEssa Mavie \u00e9 demais como pode ser a c\u00f3pia do pai\u201d, observou outra. \u201cMavie \u00e9 o papai dela todinho, at\u00e9 nas brincadeiras, nas a\u00e7\u00f5es! Muito esperta!\u201d, concordou uma terceira pessoa.<\/p>\n<p>E a tarde foi marcante para o jogador, que foi homenageado pelo clube com uma placa comemorativa pelos 150 gols marcados com a camisa alvinegra.<\/p>\n<p>Al\u00e9m das pequenas, Neymar \u00e9 pai do adolescente <strong>Davi Lucca<\/strong>. Fruto da rela\u00e7\u00e3o com a influenciadora <strong>Carol Dantas<\/strong>, o menino completou 14 anos em 24 de agosto de 2025. Ele mora atualmente em Barcelona, na Espanha, com a m\u00e3e.<\/p>\n<blockquote class=\"instagram-media\" style=\"background: #FFF; border: 0; border-radius: 3px; box-shadow: 0 0 1px 0 rgba(0,0,0,0.5),0 1px 10px 0 rgba(0,0,0,0.15); margin: 1px; max-width: 540px; min-width: 326px; padding: 0; width: calc(100% - 2px);\" data-instgrm-captioned=\"\" data-instgrm-permalink=\"https:\/\/www.instagram.com\/reel\/DR-Sir7kf60\/?utm_source=ig_embed&amp;utm_campaign=loading\" data-instgrm-version=\"14\"><\/blockquote>\n<blockquote class=\"instagram-media\" style=\"background: #FFF; border: 0; border-radius: 3px; box-shadow: 0 0 1px 0 rgba(0,0,0,0.5),0 1px 10px 0 rgba(0,0,0,0.15); margin: 1px; max-width: 540px; min-width: 326px; padding: 0; width: calc(100% - 2px);\" data-instgrm-captioned=\"\" data-instgrm-permalink=\"https:\/\/www.instagram.com\/reel\/DR-SwXLkqau\/?utm_source=ig_embed&amp;utm_campaign=loading\" data-instgrm-version=\"14\"><\/blockquote>\n<blockquote class=\"instagram-media\" style=\"background: #FFF; border: 0; border-radius: 3px; box-shadow: 0 0 1px 0 rgba(0,0,0,0.5),0 1px 10px 0 rgba(0,0,0,0.15); margin: 1px; max-width: 540px; min-width: 326px; padding: 0; width: calc(100% - 2px);\" data-instgrm-captioned=\"\" data-instgrm-permalink=\"https:\/\/www.instagram.com\/reel\/DR-S0EXEXko\/?utm_source=ig_embed&amp;utm_campaign=loading\" data-instgrm-version=\"14\"><\/blockquote>\n<p>\t Neymar far\u00e1 cirurgia <\/p>\n<p>Ainda no est\u00e1dio, o camisa 10 confirmou que ir\u00e1 passar por uma cirurgia no menisco do joelho esquerdo nas f\u00e9rias. \u201cForam semanas dif\u00edceis para mim. Meu mental foi para o zero. Agrade\u00e7o quem esteve comigo para me reerguer. Se n\u00e3o fossem elas, jamais estaria jogando esses jogos. E a Deus. Essas les\u00f5es, esse problema no joelho. Agora \u00e9 descansar. E depois vamos fazer essa cirurgia no joelho\u201d, declarou.<\/p>\n<p>Veja tamb\u00e9m: <a href=\"https:\/\/caras.com.br\/bebe\/bruna-biancardi-celebra-cinco-meses-de-sua-filha-e-de-neymar-com-simplicidade-veja.phtml\" rel=\"nofollow noopener\" target=\"_blank\">Bruna Biancardi celebra cinco meses de sua filha e de Neymar com simplicidade; veja<\/a><\/p>\n<p>        <a href=\"https:\/\/caras.com.br\/autor\/juliana-dracz\" rel=\"nofollow noopener\" target=\"_blank\">&#13;<br \/>\n          <img loading=\"lazy\" decoding=\"async\" alt=\"Juliana Dracz\" src=\"https:\/\/www.europesays.com\/pt\/wp-content\/uploads\/2025\/09\/436551461_2434711450057729_5105646040807821088_n_sqmd.png\" class=\"avatar avatar-115 photo rounded-circle\" height=\"115\" width=\"115\"\/>        <\/a><\/p>\n<p>Juliana Dracz \u00e9 rep\u00f3rter de conte\u00fado do site CARAS. Formada em Jornalismo pela Universidade Cat\u00f3lica de Bras\u00edlia, ela j\u00e1 trabalhou em grandes sites de entretenimento. Atualmente, escreve sobre novelas, celebridades e TV.<\/p>\n<p>\t                                            <script async src=\"\/\/www.instagram.com\/embed.js\"><\/script><\/p>\n","protected":false},"excerpt":{"rendered":"O jogador de futebol\u00a0Neymar Jr viveu um momento especial neste domingo, 7. Ele levou as filhas, Mavie, Helena&hellip;\n","protected":false},"author":2,"featured_media":179786,"comment_status":"","ping_status":"","sticky":false,"template":"","format":"standard","meta":{"footnotes":""},"categories":[145],"tags":[211,210,114,115,1996,6039,32,33],"class_list":{"0":"post-179785","1":"post","2":"type-post","3":"status-publish","4":"format-standard","5":"has-post-thumbnail","7":"category-celebridades","8":"tag-celebridades","9":"tag-celebrities","10":"tag-entertainment","11":"tag-entretenimento","12":"tag-neymar","13":"tag-neymar-jr","14":"tag-portugal","15":"tag-pt"},"share_on_mastodon":{"url":"https:\/\/pubeurope.com\/@pt\/115683294355582711","error":""},"_links":{"self":[{"href":"https:\/\/www.europesays.com\/pt\/wp-json\/wp\/v2\/posts\/179785","targetHints":{"allow":["GET"]}}],"collection":[{"href":"https:\/\/www.europesays.com\/pt\/wp-json\/wp\/v2\/posts"}],"about":[{"href":"https:\/\/www.europesays.com\/pt\/wp-json\/wp\/v2\/types\/post"}],"author":[{"embeddable":true,"href":"https:\/\/www.europesays.com\/pt\/wp-json\/wp\/v2\/users\/2"}],"replies":[{"embeddable":true,"href":"https:\/\/www.europesays.com\/pt\/wp-json\/wp\/v2\/comments?post=179785"}],"version-history":[{"count":0,"href":"https:\/\/www.europesays.com\/pt\/wp-json\/wp\/v2\/posts\/179785\/revisions"}],"wp:featuredmedia":[{"embeddable":true,"href":"https:\/\/www.europesays.com\/pt\/wp-json\/wp\/v2\/media\/179786"}],"wp:attachment":[{"href":"https:\/\/www.europesays.com\/pt\/wp-json\/wp\/v2\/media?parent=179785"}],"wp:term":[{"taxonomy":"category","embeddable":true,"href":"https:\/\/www.europesays.com\/pt\/wp-json\/wp\/v2\/categories?post=179785"},{"taxonomy":"post_tag","embeddable":true,"href":"https:\/\/www.europesays.com\/pt\/wp-json\/wp\/v2\/tags?post=179785"}],"curies":[{"name":"wp","href":"https:\/\/api.w.org\/{rel}","templated":true}]}}