{"id":179804,"date":"2025-12-08T10:17:14","date_gmt":"2025-12-08T10:17:14","guid":{"rendered":"https:\/\/www.europesays.com\/pt\/179804\/"},"modified":"2025-12-08T10:17:14","modified_gmt":"2025-12-08T10:17:14","slug":"quem-como-e-quando-pode-votar-por-antecipacao-nas-eleicoes-de-janeiro","status":"publish","type":"post","link":"https:\/\/www.europesays.com\/pt\/179804\/","title":{"rendered":"Quem, como e quando pode votar por antecipa\u00e7\u00e3o nas elei\u00e7\u00f5es de janeiro?"},"content":{"rendered":"<p>            Eleitores internados ou presos<\/p>\n<p>Quem est\u00e1 impedido de se deslocar \u00e0 assembleia de voto no dia das elei\u00e7\u00f5es, por estar hospitalizado ou preso, pode pedir para votar antecipadamente no site <a href=\"http:\/\/www.votoantecipado.pt\" rel=\"nofollow noopener\" target=\"_blank\">www.votoantecipado.pt<\/a> ou por carta enviada \u00e0 secretaria-geral do Minist\u00e9rio da Administra\u00e7\u00e3o Interna (SGMAI). Pode <a href=\"https:\/\/www.portaldoeleitor.pt\/pt\/noticias\/Pages\/Elei%C3%A7%C3%A3o-do-Presidente-Rep%C3%BAblica-2026.aspx\" rel=\"nofollow noopener\" target=\"_blank\">descarregar aqui os documentos<\/a> do Portal do Eleitor. <strong>A inscri\u00e7\u00e3o deve ser feita de 8 a 29 de dezembro.<\/strong><\/p>\n<p>\u00c9 necess\u00e1rio enviar tamb\u00e9m um documento que comprove o impedimento.<\/p>\n<p><strong>A vota\u00e7\u00e3o decorrer\u00e1 entre 5 e 8 de janeiro.<\/strong><strong> <\/strong>Depois de se inscrever deve aguardar que lhe seja comunicado o dia e a hora em que vai votar. A vota\u00e7\u00e3o ser\u00e1 feita na presen\u00e7a do presidente da C\u00e2mara Municipal ou de um seu representante, que se deslocar\u00e1 ao estabelecimento hospitalar ou prisional.<\/p>\n<p>\t\t<img decoding=\"async\" src=\"https:\/\/www.europesays.com\/pt\/wp-content\/uploads\/2025\/12\/1765189034_543_thumbs.web.sapo.io\"  loading=\"true\"\/><\/p>\n<p>                        SIC Not\u00edcias<\/p>\n<p>O envelope azul \u00e9 preenchido de forma leg\u00edvel e selado com uma vinheta de seguran\u00e7a. \u00c9 entregue ao eleitor o duplicado da vinheta do envelope azul, que serve de comprovativo do exerc\u00edcio do direito de voto.<\/p>\n<p><strong>Quem est\u00e1 internado num lar pode votar antecipadamente?<\/strong><\/p>\n<p>N\u00e3o. O internamento num lar n\u00e3o determina por si s\u00f3 a incapacidade de desloca\u00e7\u00e3o \u00e0 assembleia de voto, de acordo com a <a href=\"https:\/\/www.cne.pt\/faq2\/106\/2\" rel=\"nofollow noopener\" target=\"_blank\">Comiss\u00e3o Nacional de Elei\u00e7\u00f5es<\/a>. O mesmo se aplica a doentes acamados em casa.<\/p>\n<p>Voto antecipado de eleitores em mobilidade<\/p>\n<p>Todos os eleitores recenseados em Portugal podem votar antecipadamente em mobilidade. O que significa?<\/p>\n<p>Votar em mobilidade \u00e9 ter a possibilidade de escolher o local onde vai votar (qualquer munic\u00edpio do continente ou das Regi\u00f5es Aut\u00f3nomas dos A\u00e7ores e da Madeira).<\/p>\n<p><strong>O que fazer para votar em mobilidade?<\/strong><\/p>\n<p>Escolher o munic\u00edpio em que quer votar e <a href=\"https:\/\/www.portaldoeleitor.pt\/pt\/noticias\/Pages\/Elei%C3%A7%C3%A3o-do-Presidente-Rep%C3%BAblica-2026.aspx\" rel=\"nofollow noopener\" target=\"_blank\">fazer a inscri\u00e7\u00e3o<\/a>, <strong>entre 4 e 8 de janeiro<\/strong>, comunicando-o \u00e0 secretaria-geral do Minist\u00e9rio da Administra\u00e7\u00e3o Interna com a seguinte informa\u00e7\u00e3o:<\/p>\n<blockquote>\n<ul>\n<li><strong>Nome completo<\/strong><\/li>\n<li><strong>Data de nascimento<\/strong><\/li>\n<li><strong>N\u00famero de identifica\u00e7\u00e3o civil<\/strong><\/li>\n<li><strong>Morada (correspondente \u00e0 do recenseamento eleitoral)<\/strong><\/li>\n<li><strong>Contacto telef\u00f3nico e, sempre que poss\u00edvel, endere\u00e7o de correio eletr\u00f3nico<\/strong><\/li>\n<\/ul>\n<\/blockquote>\n<p><strong>No dia 11 de janeiro <\/strong>o eleitor deve apresentar-se na mesa de voto escolhida com o documento de identifica\u00e7\u00e3o civil e indicar a freguesia onde est\u00e1 recenseado.<\/p>\n<blockquote>\n<p><strong>Inscreveu-se, mas n\u00e3o conseguiu votar antecipadamente em mobilidade? Pode votar no dia 18 de janeiro na assembleia ou sec\u00e7\u00e3o de voto onde est\u00e1 recenseado.<\/strong><\/p>\n<\/blockquote>\n<p>Eleitores deslocados no estrangeiro<\/p>\n<p>Tamb\u00e9m quem est\u00e1 no estrangeiro pode votar antecipadamente, mas apenas nas seguintes situa\u00e7\u00f5es:<\/p>\n<p>\u2022 Por iner\u00eancia do exerc\u00edcio de fun\u00e7\u00f5es p\u00fablicas ou privadas<\/p>\n<p>\u2022 Em representa\u00e7\u00e3o oficial de sele\u00e7\u00e3o nacional, organizada por federa\u00e7\u00e3o desportiva dotada de estatuto de utilidade p\u00fablica desportiva<\/p>\n<p>\u2022 Enquanto estudante, investigador, docente e bolseiro de investiga\u00e7\u00e3o em institui\u00e7\u00e3o de ensino superior, unidade de investiga\u00e7\u00e3o ou equiparada reconhecida pelo minist\u00e9rio competente<\/p>\n<p>\u2022 Doente em tratamento<\/p>\n<p>\u2022 Se vive ou acompanha os eleitores mencionados nos quatro pontos anteriores<\/p>\n<p><strong>Nestes casos, a vota\u00e7\u00e3o decorre entre os dias 6 e 8 de janeiro.<\/strong><\/p>\n<p>Para execer o direito de voto, os eleitores devem apresentar-se nas representa\u00e7\u00f5es diplom\u00e1ticas, consulares ou nas delega\u00e7\u00f5es externas das institui\u00e7\u00f5es p\u00fablicas portuguesas, previamente definidas pelo Minist\u00e9rio dos Neg\u00f3cios Estrangeiros.<\/p>\n<p>Devem levar o Cart\u00e3o de Cidad\u00e3o, Bilhete de Identidade ou outro documento identificativo, como carta de condu\u00e7\u00e3o ou passaporte.<\/p>\n","protected":false},"excerpt":{"rendered":"Eleitores internados ou presos Quem est\u00e1 impedido de se deslocar \u00e0 assembleia de voto no dia das elei\u00e7\u00f5es,&hellip;\n","protected":false},"author":2,"featured_media":179805,"comment_status":"","ping_status":"","sticky":false,"template":"","format":"standard","meta":{"footnotes":""},"categories":[10],"tags":[27,28,15,16,14,25,26,21,22,12,13,19,20,32,23,24,33,17,18,29,30,31],"class_list":{"0":"post-179804","1":"post","2":"type-post","3":"status-publish","4":"format-standard","5":"has-post-thumbnail","7":"category-portugal","8":"tag-breaking-news","9":"tag-breakingnews","10":"tag-featured-news","11":"tag-featurednews","12":"tag-headlines","13":"tag-latest-news","14":"tag-latestnews","15":"tag-main-news","16":"tag-mainnews","17":"tag-news","18":"tag-noticias","19":"tag-noticias-principais","20":"tag-noticiasprincipais","21":"tag-portugal","22":"tag-principais-noticias","23":"tag-principaisnoticias","24":"tag-pt","25":"tag-top-stories","26":"tag-topstories","27":"tag-ultimas","28":"tag-ultimas-noticias","29":"tag-ultimasnoticias"},"share_on_mastodon":{"url":"https:\/\/pubeurope.com\/@pt\/115683435962851370","error":""},"_links":{"self":[{"href":"https:\/\/www.europesays.com\/pt\/wp-json\/wp\/v2\/posts\/179804","targetHints":{"allow":["GET"]}}],"collection":[{"href":"https:\/\/www.europesays.com\/pt\/wp-json\/wp\/v2\/posts"}],"about":[{"href":"https:\/\/www.europesays.com\/pt\/wp-json\/wp\/v2\/types\/post"}],"author":[{"embeddable":true,"href":"https:\/\/www.europesays.com\/pt\/wp-json\/wp\/v2\/users\/2"}],"replies":[{"embeddable":true,"href":"https:\/\/www.europesays.com\/pt\/wp-json\/wp\/v2\/comments?post=179804"}],"version-history":[{"count":0,"href":"https:\/\/www.europesays.com\/pt\/wp-json\/wp\/v2\/posts\/179804\/revisions"}],"wp:featuredmedia":[{"embeddable":true,"href":"https:\/\/www.europesays.com\/pt\/wp-json\/wp\/v2\/media\/179805"}],"wp:attachment":[{"href":"https:\/\/www.europesays.com\/pt\/wp-json\/wp\/v2\/media?parent=179804"}],"wp:term":[{"taxonomy":"category","embeddable":true,"href":"https:\/\/www.europesays.com\/pt\/wp-json\/wp\/v2\/categories?post=179804"},{"taxonomy":"post_tag","embeddable":true,"href":"https:\/\/www.europesays.com\/pt\/wp-json\/wp\/v2\/tags?post=179804"}],"curies":[{"name":"wp","href":"https:\/\/api.w.org\/{rel}","templated":true}]}}