{"id":179810,"date":"2025-12-08T10:22:11","date_gmt":"2025-12-08T10:22:11","guid":{"rendered":"https:\/\/www.europesays.com\/pt\/179810\/"},"modified":"2025-12-08T10:22:11","modified_gmt":"2025-12-08T10:22:11","slug":"vem-ai-em-terra-forte-kadu-encontra-provas-surpreendentes-sobre-o-que-vivi-andava-a-fazer-novelas","status":"publish","type":"post","link":"https:\/\/www.europesays.com\/pt\/179810\/","title":{"rendered":"Vem a\u00ed em \u00abTerra Forte\u00bb: Kadu encontra provas surpreendentes sobre o que Vivi andava a fazer &#8211; Novelas"},"content":{"rendered":"<p>Em \u00abTerra Forte\u00bb, <a href=\"https:\/\/tvi.iol.pt\/novelas\/videos\/terra-forte-maria-de-fatima-ameaca-gloria\/68fa5c280cf29d28d8298113\" rel=\"nofollow noopener\" target=\"_blank\">Gl\u00f3ria (Maria Jo\u00e3o Pinho)<\/a>\u00a0acaba por contar aos jovens que ela e <a href=\"https:\/\/tvi.iol.pt\/novelas\/videos\/terra-forte-marcus-tem-um-novo-plano-para-destruir-maria-de-fatima-e-a-acoreana\/68fa5c1f0cf29d28d8298112\" rel=\"nofollow noopener\" target=\"_blank\">Marcus (Vitor Hugo)<\/a>\u00a0estavam \u00e0 procura de informa\u00e7\u00f5es sobre o que <a href=\"https:\/\/tvi.iol.pt\/novelas\/videos\/maria-de-fatima-toma-decisao-sobre-vivi-esta-demitida\/68f8e7750cf285ab53a6b259\" rel=\"nofollow noopener\" target=\"_blank\">Vivi (Sofia Nicholson)<\/a>\u00a0saberia sobre <a href=\"https:\/\/tvi.iol.pt\/novelas\/videos\/terra-forte-maria-de-fatima-e-manuel-tinham-um-caso\/68f65cdc0cf29d28d82976cb\" rel=\"nofollow noopener\" target=\"_blank\">Maria de F\u00e1tima (Rita Pereira)<\/a>. Vini (Gustavo Alves) diz-lhes enigm\u00e1tico que podem ganhar mais do que eles pensam se descobrirem alguma coisa. <a href=\"https:\/\/tvi.iol.pt\/novelas\/videos\/terra-forte-babi-envolve-se-com-o-maior-inimigo-do-pai\/6913709f0cf2559133760eec\" rel=\"nofollow noopener\" target=\"_blank\">Babi (Melissa Matos)<\/a>\u00a0recebe chamada de Sugar Daddy, mas rejeita-a.<\/p>\n<p>Bingo chama a aten\u00e7\u00e3o de Kadu para o m\u00f3vel onde este tinha encontrado o seu canivete su\u00ed\u00e7o ca\u00eddo. Kadu descobre uma pasta com seguros que l\u00e1 estava escondida.<\/p>\n","protected":false},"excerpt":{"rendered":"Em \u00abTerra Forte\u00bb, Gl\u00f3ria (Maria Jo\u00e3o Pinho)\u00a0acaba por contar aos jovens que ela e Marcus (Vitor Hugo)\u00a0estavam \u00e0&hellip;\n","protected":false},"author":2,"featured_media":179811,"comment_status":"","ping_status":"","sticky":false,"template":"","format":"standard","meta":{"footnotes":""},"categories":[142],"tags":[160,166,114,115,157,167,164,32741,161,158,165,159,32,33,156,3086,18614,163,151,162,32740,28302],"class_list":{"0":"post-179810","1":"post","2":"type-post","3":"status-publish","4":"format-standard","5":"has-post-thumbnail","7":"category-tv","8":"tag-ana-guiomar","9":"tag-cristina-ferreira","10":"tag-entertainment","11":"tag-entretenimento","12":"tag-festa-e-festa","13":"tag-ficcao","14":"tag-jose-fidalgo","15":"tag-kadu","16":"tag-novelas","17":"tag-para-sempre","18":"tag-pedro-sousa","19":"tag-pedro-teixeira","20":"tag-portugal","21":"tag-pt","22":"tag-queridos-papas","23":"tag-sofia-nicholson","24":"tag-terra-forte","25":"tag-tiago-teotonio-pereira","26":"tag-tv","27":"tag-tvi","28":"tag-vicente-ramirez","29":"tag-vivi"},"share_on_mastodon":{"url":"https:\/\/pubeurope.com\/@pt\/115683455381221044","error":""},"_links":{"self":[{"href":"https:\/\/www.europesays.com\/pt\/wp-json\/wp\/v2\/posts\/179810","targetHints":{"allow":["GET"]}}],"collection":[{"href":"https:\/\/www.europesays.com\/pt\/wp-json\/wp\/v2\/posts"}],"about":[{"href":"https:\/\/www.europesays.com\/pt\/wp-json\/wp\/v2\/types\/post"}],"author":[{"embeddable":true,"href":"https:\/\/www.europesays.com\/pt\/wp-json\/wp\/v2\/users\/2"}],"replies":[{"embeddable":true,"href":"https:\/\/www.europesays.com\/pt\/wp-json\/wp\/v2\/comments?post=179810"}],"version-history":[{"count":0,"href":"https:\/\/www.europesays.com\/pt\/wp-json\/wp\/v2\/posts\/179810\/revisions"}],"wp:featuredmedia":[{"embeddable":true,"href":"https:\/\/www.europesays.com\/pt\/wp-json\/wp\/v2\/media\/179811"}],"wp:attachment":[{"href":"https:\/\/www.europesays.com\/pt\/wp-json\/wp\/v2\/media?parent=179810"}],"wp:term":[{"taxonomy":"category","embeddable":true,"href":"https:\/\/www.europesays.com\/pt\/wp-json\/wp\/v2\/categories?post=179810"},{"taxonomy":"post_tag","embeddable":true,"href":"https:\/\/www.europesays.com\/pt\/wp-json\/wp\/v2\/tags?post=179810"}],"curies":[{"name":"wp","href":"https:\/\/api.w.org\/{rel}","templated":true}]}}