{"id":179812,"date":"2025-12-08T10:25:09","date_gmt":"2025-12-08T10:25:09","guid":{"rendered":"https:\/\/www.europesays.com\/pt\/179812\/"},"modified":"2025-12-08T10:25:09","modified_gmt":"2025-12-08T10:25:09","slug":"farioli-revela-que-luuk-de-jong-vai-estar-fora-toda-a-epoca","status":"publish","type":"post","link":"https:\/\/www.europesays.com\/pt\/179812\/","title":{"rendered":"Farioli revela que Luuk de Jong \u00abvai estar fora toda a \u00e9poca\u00bb"},"content":{"rendered":"<p><strong>Francesco Farioli, treinador do FC Porto, em declara\u00e7\u00f5es na confer\u00eancia de imprensa ap\u00f3s <a href=\"https:\/\/maisfutebol.iol.pt\/jogo\/aominuto\/tondela\/fcporto\/13828196?tab=aominuto\" rel=\"nofollow noopener\" target=\"_blank\">a vit\u00f3ria [2-0] com o Tondela, contar para a 13.\u00aa jornada<\/a>. O treinador dos drag\u00f5es oficializou a baixa de Luuk de Jong, por les\u00e3o, at\u00e9 ao final da temporada.\u00a0<\/strong><\/p>\n<p> Luuk \u00e9 baixa para toda a temporada\u00a0 <\/p>\n<p>\u00abCom certeza, \u00e9 importante para o Samu marcar. Viu o quanto ele trabalha para a equipa. Claro que, como viram, na t-shirt do Samu havia uma dedica\u00e7\u00e3o para o Luuk. Esta vit\u00f3ria vai para ele, que infelizmente vai estar fora durante toda a temporada. Ent\u00e3o, acho que \u00e9 importante que o Luuk, quando est\u00e1 connosco, sempre encontrar uma forma de ajudar com sua lideran\u00e7a, com seu car\u00e1ter, com suas qualidades como jogador de futebol. Ele voltar\u00e1 para ajudar-nos. Vai ficar connosco, muito perto, para ajudar a equipa a crescer. Neste caso, n\u00e3o o teremos como jogador de futebol, mas teremos como um dos nossos l\u00edderes no grupo. Definitivamente vai ajudar o Samu a seguir em frente na carreira, e tamb\u00e9m para o Denis.\u00bb<\/p>\n<p>\u00a0<\/p>\n","protected":false},"excerpt":{"rendered":"Francesco Farioli, treinador do FC Porto, em declara\u00e7\u00f5es na confer\u00eancia de imprensa ap\u00f3s a vit\u00f3ria [2-0] com o&hellip;\n","protected":false},"author":2,"featured_media":179813,"comment_status":"","ping_status":"","sticky":false,"template":"","format":"standard","meta":{"footnotes":""},"categories":[87],"tags":[135,282,1011,2613,36,5819,46,32,33,47,134],"class_list":{"0":"post-179812","1":"post","2":"type-post","3":"status-publish","4":"format-standard","5":"has-post-thumbnail","7":"category-desporto","8":"tag-desporto","9":"tag-fc-porto","10":"tag-francesco-farioli","11":"tag-lesao","12":"tag-liga","13":"tag-luuk-de-jong","14":"tag-maisfutebol","15":"tag-portugal","16":"tag-pt","17":"tag-pura-paixao","18":"tag-sports"},"share_on_mastodon":{"url":"https:\/\/pubeurope.com\/@pt\/115683467700495149","error":""},"_links":{"self":[{"href":"https:\/\/www.europesays.com\/pt\/wp-json\/wp\/v2\/posts\/179812","targetHints":{"allow":["GET"]}}],"collection":[{"href":"https:\/\/www.europesays.com\/pt\/wp-json\/wp\/v2\/posts"}],"about":[{"href":"https:\/\/www.europesays.com\/pt\/wp-json\/wp\/v2\/types\/post"}],"author":[{"embeddable":true,"href":"https:\/\/www.europesays.com\/pt\/wp-json\/wp\/v2\/users\/2"}],"replies":[{"embeddable":true,"href":"https:\/\/www.europesays.com\/pt\/wp-json\/wp\/v2\/comments?post=179812"}],"version-history":[{"count":0,"href":"https:\/\/www.europesays.com\/pt\/wp-json\/wp\/v2\/posts\/179812\/revisions"}],"wp:featuredmedia":[{"embeddable":true,"href":"https:\/\/www.europesays.com\/pt\/wp-json\/wp\/v2\/media\/179813"}],"wp:attachment":[{"href":"https:\/\/www.europesays.com\/pt\/wp-json\/wp\/v2\/media?parent=179812"}],"wp:term":[{"taxonomy":"category","embeddable":true,"href":"https:\/\/www.europesays.com\/pt\/wp-json\/wp\/v2\/categories?post=179812"},{"taxonomy":"post_tag","embeddable":true,"href":"https:\/\/www.europesays.com\/pt\/wp-json\/wp\/v2\/tags?post=179812"}],"curies":[{"name":"wp","href":"https:\/\/api.w.org\/{rel}","templated":true}]}}