{"id":179818,"date":"2025-12-08T10:28:17","date_gmt":"2025-12-08T10:28:17","guid":{"rendered":"https:\/\/www.europesays.com\/pt\/179818\/"},"modified":"2025-12-08T10:28:17","modified_gmt":"2025-12-08T10:28:17","slug":"satelite-registou-um-tsunami-a-partir-do-espaco-e-detetou-um-detalhe","status":"publish","type":"post","link":"https:\/\/www.europesays.com\/pt\/179818\/","title":{"rendered":"Sat\u00e9lite registou um tsunami a partir do espa\u00e7o e detetou um detalhe"},"content":{"rendered":"<p>Um sat\u00e9lite rastreou um tsunami com mais detalhe do que nunca, a partir do espa\u00e7o, o que pode ajudar a melhorar os modelos dessas ondas gigantes e permitir melhores sistemas de previs\u00e3o e alerta.<\/p>\n<p><a target=\"_blank\" href=\"https:\/\/pplware.sapo.pt\/wp-content\/uploads\/2024\/09\/tsunami00.jpg\" onclick=\"refreshIframe()\" class=\"foobox\" rel=\"nofollow noopener\"><img fetchpriority=\"high\" decoding=\"async\" src=\"https:\/\/www.europesays.com\/pt\/wp-content\/uploads\/2025\/12\/tsunami00-720x405.jpg\" alt=\"Tsunami\" width=\"720\" height=\"405\" class=\"aligncenter size-medium wp-image-1015083\"  \/><\/a>\n<\/p>\n<p>Lan\u00e7ado em 2022 pela NASA e pela ag\u00eancia espacial francesa Centre National d&#8217;Etudes Spatiales (CNES), o sat\u00e9lite Surface Water and Ocean Topography (SWOT) foi projetado para monitorizar o movimento das \u00e1guas do mundo com base nas mudan\u00e7as na altura da superf\u00edcie.<\/p>\n<p>Contudo, ap\u00f3s alguns anos a capturar dados sobre pequenas correntes, o SWOT captou um <a target=\"_blank\" href=\"https:\/\/pplware.sapo.pt\/planeta\/porque-e-que-o-tsunami-no-pacifico-foi-mais-pequeno-do-que-o-esperado\/\" rel=\"nofollow noopener\">evento importante<\/a>: em 29 de julho de 2025, um terramoto de magnitude 8,8 atingiu a zona de subduc\u00e7\u00e3o Kuril-Kamchatka, na costa sudeste da R\u00fassia, fazendo com que um tsunami atravessasse o Oceano Pac\u00edfico, justamente quando o SWOT passava por cima.<\/p>\n<p>Usando dados do sat\u00e9lite, bem como de tr\u00eas boias flutuantes na \u00e1rea como parte do projeto Deep-ocean Assessment and Reporting of Tsunamis (DART), os investigadores conseguiram capturar um padr\u00e3o de propaga\u00e7\u00e3o e dispers\u00e3o mais complexo do que se pensava anteriormente.<\/p>\n<p><a target=\"_blank\" href=\"https:\/\/pplware.sapo.pt\/wp-content\/uploads\/2025\/01\/swot_00.webp\" rel=\"nofollow noopener\"><img loading=\"lazy\" decoding=\"async\" src=\"https:\/\/www.europesays.com\/pt\/wp-content\/uploads\/2025\/12\/swot_00-720x405.webp.webp\" alt=\"\" width=\"720\" height=\"405\" class=\"aligncenter size-medium wp-image-1035046\"  \/><\/a><\/p>\n<p>Dados do sta\u00e9lite s\u00e3o &#8220;um novo par de olhos&#8221; sobre os tsunamis<\/p>\n<p>Um fator importante diferia dos modelos existentes. H\u00e1 muito se supunha que grandes tsunamis n\u00e3o eram dispersivos, o que significa que eles permaneciam juntos como uma \u00fanica onda enquanto se deslocavam.<\/p>\n<p>No entanto, dados do <a target=\"_blank\" href=\"https:\/\/pplware.sapo.pt\/ciencia\/satelite-da-nasa-revela-pormenores-nunca-antes-vistos-do-fundo-do-oceano\/\" rel=\"nofollow noopener\">SWOT<\/a> sugerem que o tsunami se fragmentou, formando uma onda principal relativamente grande seguida por ondas menores.<\/p>\n<blockquote>\n<p>Penso nos dados do SWOT como um novo par de \u00f3culos. Antes, com os DART, s\u00f3 pod\u00edamos ver o tsunami em pontos espec\u00edficos na vastid\u00e3o do oceano. J\u00e1 existiram outros sat\u00e9lites antes, mas eles s\u00f3 veem uma linha fina atrav\u00e9s de um tsunami na melhor das hip\u00f3teses.<\/p>\n<\/blockquote>\n<p>Disse Angel Ruiz-Angulo, primeiro autor do <a target=\"_blank\" href=\"https:\/\/pubs.geoscienceworld.org\/ssa\/tsr\/article\/5\/4\/341\/718867\/SWOT-Satellite-Altimetry-Observations-and-Source\" rel=\"nofollow noopener\">estudo<\/a> e ocean\u00f3grafo f\u00edsico da Universidade da Isl\u00e2ndia, explicando que, agora, com o SWOT, &#8220;podemos capturar uma faixa de at\u00e9 cerca de 120 quil\u00f3metros de largura, com dados de alta resolu\u00e7\u00e3o sem precedentes da superf\u00edcie do mar&#8221;.<\/p>\n<p>Com um pouco de sorte, o SWOT e outros sat\u00e9lites podem, tamb\u00e9m, ser \u00fateis para detetar e rastrear futuros tsunamis em tempo real, permitindo o m\u00e1ximo de alerta poss\u00edvel para as comunidades costeiras que podem ser afetadas.<\/p>\n","protected":false},"excerpt":{"rendered":"Um sat\u00e9lite rastreou um tsunami com mais detalhe do que nunca, a partir do espa\u00e7o, o que pode&hellip;\n","protected":false},"author":2,"featured_media":179819,"comment_status":"","ping_status":"","sticky":false,"template":"","format":"standard","meta":{"footnotes":""},"categories":[84],"tags":[109,107,108,32,33,2805,105,103,104,36923,106,110,3846],"class_list":{"0":"post-179818","1":"post","2":"type-post","3":"status-publish","4":"format-standard","5":"has-post-thumbnail","7":"category-ciencia-e-tecnologia","8":"tag-ciencia","9":"tag-ciencia-e-tecnologia","10":"tag-cienciaetecnologia","11":"tag-portugal","12":"tag-pt","13":"tag-satelite","14":"tag-science","15":"tag-science-and-technology","16":"tag-scienceandtechnology","17":"tag-swot","18":"tag-technology","19":"tag-tecnologia","20":"tag-tsunami"},"share_on_mastodon":{"url":"https:\/\/pubeurope.com\/@pt\/115683479379545024","error":""},"_links":{"self":[{"href":"https:\/\/www.europesays.com\/pt\/wp-json\/wp\/v2\/posts\/179818","targetHints":{"allow":["GET"]}}],"collection":[{"href":"https:\/\/www.europesays.com\/pt\/wp-json\/wp\/v2\/posts"}],"about":[{"href":"https:\/\/www.europesays.com\/pt\/wp-json\/wp\/v2\/types\/post"}],"author":[{"embeddable":true,"href":"https:\/\/www.europesays.com\/pt\/wp-json\/wp\/v2\/users\/2"}],"replies":[{"embeddable":true,"href":"https:\/\/www.europesays.com\/pt\/wp-json\/wp\/v2\/comments?post=179818"}],"version-history":[{"count":0,"href":"https:\/\/www.europesays.com\/pt\/wp-json\/wp\/v2\/posts\/179818\/revisions"}],"wp:featuredmedia":[{"embeddable":true,"href":"https:\/\/www.europesays.com\/pt\/wp-json\/wp\/v2\/media\/179819"}],"wp:attachment":[{"href":"https:\/\/www.europesays.com\/pt\/wp-json\/wp\/v2\/media?parent=179818"}],"wp:term":[{"taxonomy":"category","embeddable":true,"href":"https:\/\/www.europesays.com\/pt\/wp-json\/wp\/v2\/categories?post=179818"},{"taxonomy":"post_tag","embeddable":true,"href":"https:\/\/www.europesays.com\/pt\/wp-json\/wp\/v2\/tags?post=179818"}],"curies":[{"name":"wp","href":"https:\/\/api.w.org\/{rel}","templated":true}]}}