{"id":179820,"date":"2025-12-08T10:30:09","date_gmt":"2025-12-08T10:30:09","guid":{"rendered":"https:\/\/www.europesays.com\/pt\/179820\/"},"modified":"2025-12-08T10:30:09","modified_gmt":"2025-12-08T10:30:09","slug":"trump-critica-zelensky-por-nao-ter-lido-a-proposta-de-paz-dos-eua","status":"publish","type":"post","link":"https:\/\/www.europesays.com\/pt\/179820\/","title":{"rendered":"Trump critica Zelensky por &#8220;n\u00e3o ter lido a proposta&#8221; de paz dos EUA"},"content":{"rendered":"<p data-remotead-prev-elm=\"true\" data-remotead-elm-id=\"inread\">Questionado por jornalistas num jantar de gala no domingo \u00e0 noite em Washington, Trump afirmou: &#8220;convers\u00e1mos com o presidente (russo Vladimir) Putin, com os l\u00edderes ucranianos &#8211; nomeadamente Zelensky, o presidente Zelensky &#8211; e devo dizer que estou um pouco desapontado por o presidente Zelensky ainda n\u00e3o ter lido a proposta&#8221; americana para um acordo na Ucr\u00e2nia.<\/p>\n<p>&#8220;Isso conv\u00e9m \u00e0 R\u00fassia, sabe, acho que a R\u00fassia preferiria ter todo o pa\u00eds&#8221;, mas &#8220;n\u00e3o tenho a certeza se isso conv\u00e9m a Zelensky&#8221;, disse ainda Donald Trump.<\/p>\n<p>Os Estados Unidos apresentaram h\u00e1 quase tr\u00eas semanas uma proposta inicial com 28 pontos, que a Uni\u00e3o Europeia e a Ucr\u00e2nia consideraram que favorecia Moscovo, e que n\u00e3o incorporou contributos da Uni\u00e3o Europeia ou da Ucr\u00e2nia.<\/p>\n<p data-remotead-prev-elm=\"true\" data-remotead-elm-id=\"centro1\">O plano previa, entre outras quest\u00f5es, o reconhecimento da soberania russa no Donbass e na Crimeia, anexada em 2014.<\/p>\n<p>Previa tamb\u00e9m a redu\u00e7\u00e3o do ex\u00e9rcito ucraniano para 600 mil efetivos, menos 200 mil do que atualmente, e a ren\u00fancia da Ucr\u00e2nia \u00e0 ades\u00e3o \u00e0 NATO, inscrita na Constitui\u00e7\u00e3o do pa\u00eds.<\/p>\n<p>Destinado a p\u00f4r fim ao conflito desencadeado pela ofensiva russa contra a Ucr\u00e2nia em fevereiro de 2022, o plano foi alterado substancialmente ap\u00f3s v\u00e1rias sess\u00f5es de negocia\u00e7\u00f5es com os ucranianos em Genebra e na Florida, para tentar alterar o texto em favor de Kiev.<\/p>\n<p data-remotead-prev-elm=\"true\" data-remotead-elm-id=\"centro2\">O documento foi apresentado na ter\u00e7a-feira ao presidente russo, Vladimir Putin, durante uma visita a Moscovo do enviado presidencial norte-americano, Steve Witkoff, e do genro do presidente norte-americano e mediador informal, Jared Kushner.<\/p>\n<p>Poucos detalhes foram divulgados sobre este plano alterado.<\/p>\n<p>Ap\u00f3s tr\u00eas dias de negocia\u00e7\u00f5es na Florida entre as autoridades ucranianas e norte-americanas, n\u00e3o houve avan\u00e7os significativos no s\u00e1bado.<\/p>\n<p data-remotead-prev-elm=\"true\" data-remotead-elm-id=\"centro3\">No entanto, o presidente ucraniano, Volodymyr Zelensky, prometeu continuar as negocia\u00e7\u00f5es em busca de uma &#8220;verdadeira paz&#8221;, enquanto a R\u00fassia realizou novos ataques com drones e m\u00edsseis contra a Ucr\u00e2nia.<\/p>\n<p>A retirada do Donbass, a ren\u00fancia ucraniana a ingressar na NATO, as garantias de seguran\u00e7a e as repara\u00e7\u00f5es russas no p\u00f3s-guerra s\u00e3o algumas das quest\u00f5es que dividem as duas partes nas negocia\u00e7\u00f5es sob media\u00e7\u00e3o dos Estados Unidos.<\/p>\n","protected":false},"excerpt":{"rendered":"Questionado por jornalistas num jantar de gala no domingo \u00e0 noite em Washington, Trump afirmou: &#8220;convers\u00e1mos com o&hellip;\n","protected":false},"author":2,"featured_media":179821,"comment_status":"","ping_status":"","sticky":false,"template":"","format":"standard","meta":{"footnotes":""},"categories":[50],"tags":[27,28,413,15,16,889,14,25,26,21,22,62,12,13,19,20,23,24,17,18,29,30,31,63,64,65],"class_list":{"0":"post-179820","1":"post","2":"type-post","3":"status-publish","4":"format-standard","5":"has-post-thumbnail","7":"category-mundo","8":"tag-breaking-news","9":"tag-breakingnews","10":"tag-eua","11":"tag-featured-news","12":"tag-featurednews","13":"tag-guerra-na-ucrania","14":"tag-headlines","15":"tag-latest-news","16":"tag-latestnews","17":"tag-main-news","18":"tag-mainnews","19":"tag-mundo","20":"tag-news","21":"tag-noticias","22":"tag-noticias-principais","23":"tag-noticiasprincipais","24":"tag-principais-noticias","25":"tag-principaisnoticias","26":"tag-top-stories","27":"tag-topstories","28":"tag-ultimas","29":"tag-ultimas-noticias","30":"tag-ultimasnoticias","31":"tag-world","32":"tag-world-news","33":"tag-worldnews"},"share_on_mastodon":{"url":"https:\/\/pubeurope.com\/@pt\/115683486997349141","error":""},"_links":{"self":[{"href":"https:\/\/www.europesays.com\/pt\/wp-json\/wp\/v2\/posts\/179820","targetHints":{"allow":["GET"]}}],"collection":[{"href":"https:\/\/www.europesays.com\/pt\/wp-json\/wp\/v2\/posts"}],"about":[{"href":"https:\/\/www.europesays.com\/pt\/wp-json\/wp\/v2\/types\/post"}],"author":[{"embeddable":true,"href":"https:\/\/www.europesays.com\/pt\/wp-json\/wp\/v2\/users\/2"}],"replies":[{"embeddable":true,"href":"https:\/\/www.europesays.com\/pt\/wp-json\/wp\/v2\/comments?post=179820"}],"version-history":[{"count":0,"href":"https:\/\/www.europesays.com\/pt\/wp-json\/wp\/v2\/posts\/179820\/revisions"}],"wp:featuredmedia":[{"embeddable":true,"href":"https:\/\/www.europesays.com\/pt\/wp-json\/wp\/v2\/media\/179821"}],"wp:attachment":[{"href":"https:\/\/www.europesays.com\/pt\/wp-json\/wp\/v2\/media?parent=179820"}],"wp:term":[{"taxonomy":"category","embeddable":true,"href":"https:\/\/www.europesays.com\/pt\/wp-json\/wp\/v2\/categories?post=179820"},{"taxonomy":"post_tag","embeddable":true,"href":"https:\/\/www.europesays.com\/pt\/wp-json\/wp\/v2\/tags?post=179820"}],"curies":[{"name":"wp","href":"https:\/\/api.w.org\/{rel}","templated":true}]}}