{"id":179824,"date":"2025-12-08T10:32:37","date_gmt":"2025-12-08T10:32:37","guid":{"rendered":"https:\/\/www.europesays.com\/pt\/179824\/"},"modified":"2025-12-08T10:32:37","modified_gmt":"2025-12-08T10:32:37","slug":"fomos-condicionadas-por-fatores-externos","status":"publish","type":"post","link":"https:\/\/www.europesays.com\/pt\/179824\/","title":{"rendered":"Fomos condicionadas por fatores externos"},"content":{"rendered":"<p><strong>A derrota: <\/strong>&#8220;Infelizmente, n\u00e3o \u00e9 f\u00e1cil para n\u00f3s. Acima de tudo, deixo uma palavra \u00e0 equipa. Estou muito orgulhosa delas, daquilo que fizemos e do percurso que fizemos at\u00e9 aqui. Acho que os 3-0 n\u00e3o espelham o que foi o jogo. Acho que poder\u00edamos ter tido mais bola, mas, infelizmente, tamb\u00e9m fomos condicionadas por alguns momentos do jogo. E quero dar os parab\u00e9ns ao Brasil: foi um justo vencedor. Acima de tudo, [quero] olhar para Portugal. Por aquilo que fizemos, merec\u00edamos mais. Se calhar n\u00e3o foi um jogo t\u00e3o bem conseguido como aquilo que quer\u00edamos, mas sa\u00edmos orgulhosas. Tristes, mas orgulhosas.&#8221;<\/p>\n<p><strong>&#8220;Fatores externos&#8221;: <\/strong>&#8220;Somos enormes e vamos continuar a ser. O nosso percurso ainda agora come\u00e7ou. Se calhar, houve alguns momentos do jogo que poder\u00edamos ter gerido de forma diferente. Continuo a dizer que fomos, infelizmente, condicionadas por fatores externos, mas faz parte e tamb\u00e9m temos que saber lidar com isso. Mais uma vez, [sinto] um orgulho enorme nas minhas jogadoras. Sou a capit\u00e3 e dou a cara por elas. Para os portugueses, deixo uma palavra: vamos fazer mais e melhor.&#8221;<\/p>\n","protected":false},"excerpt":{"rendered":"A derrota: &#8220;Infelizmente, n\u00e3o \u00e9 f\u00e1cil para n\u00f3s. Acima de tudo, deixo uma palavra \u00e0 equipa. Estou muito&hellip;\n","protected":false},"author":2,"featured_media":179825,"comment_status":"","ping_status":"","sticky":false,"template":"","format":"standard","meta":{"footnotes":""},"categories":[8],"tags":[27,28,15,16,14,25,26,21,22,12,13,19,20,32,23,24,33,17,18,29,30,31],"class_list":{"0":"post-179824","1":"post","2":"type-post","3":"status-publish","4":"format-standard","5":"has-post-thumbnail","7":"category-principais-noticias","8":"tag-breaking-news","9":"tag-breakingnews","10":"tag-featured-news","11":"tag-featurednews","12":"tag-headlines","13":"tag-latest-news","14":"tag-latestnews","15":"tag-main-news","16":"tag-mainnews","17":"tag-news","18":"tag-noticias","19":"tag-noticias-principais","20":"tag-noticiasprincipais","21":"tag-portugal","22":"tag-principais-noticias","23":"tag-principaisnoticias","24":"tag-pt","25":"tag-top-stories","26":"tag-topstories","27":"tag-ultimas","28":"tag-ultimas-noticias","29":"tag-ultimasnoticias"},"share_on_mastodon":{"url":"https:\/\/pubeurope.com\/@pt\/115683494748137658","error":""},"_links":{"self":[{"href":"https:\/\/www.europesays.com\/pt\/wp-json\/wp\/v2\/posts\/179824","targetHints":{"allow":["GET"]}}],"collection":[{"href":"https:\/\/www.europesays.com\/pt\/wp-json\/wp\/v2\/posts"}],"about":[{"href":"https:\/\/www.europesays.com\/pt\/wp-json\/wp\/v2\/types\/post"}],"author":[{"embeddable":true,"href":"https:\/\/www.europesays.com\/pt\/wp-json\/wp\/v2\/users\/2"}],"replies":[{"embeddable":true,"href":"https:\/\/www.europesays.com\/pt\/wp-json\/wp\/v2\/comments?post=179824"}],"version-history":[{"count":0,"href":"https:\/\/www.europesays.com\/pt\/wp-json\/wp\/v2\/posts\/179824\/revisions"}],"wp:featuredmedia":[{"embeddable":true,"href":"https:\/\/www.europesays.com\/pt\/wp-json\/wp\/v2\/media\/179825"}],"wp:attachment":[{"href":"https:\/\/www.europesays.com\/pt\/wp-json\/wp\/v2\/media?parent=179824"}],"wp:term":[{"taxonomy":"category","embeddable":true,"href":"https:\/\/www.europesays.com\/pt\/wp-json\/wp\/v2\/categories?post=179824"},{"taxonomy":"post_tag","embeddable":true,"href":"https:\/\/www.europesays.com\/pt\/wp-json\/wp\/v2\/tags?post=179824"}],"curies":[{"name":"wp","href":"https:\/\/api.w.org\/{rel}","templated":true}]}}