{"id":179839,"date":"2025-12-08T10:45:17","date_gmt":"2025-12-08T10:45:17","guid":{"rendered":"https:\/\/www.europesays.com\/pt\/179839\/"},"modified":"2025-12-08T10:45:17","modified_gmt":"2025-12-08T10:45:17","slug":"roubou-joalharia-em-centro-comercial-de-lisboa-a-frente-de-todos-foi-apanhado-a-saida","status":"publish","type":"post","link":"https:\/\/www.europesays.com\/pt\/179839\/","title":{"rendered":"Roubou joalharia em centro comercial de Lisboa \u00e0 frente de todos. Foi apanhado \u00e0 sa\u00edda"},"content":{"rendered":"<p>\t                Durante a fuga, o homem deixou cair diversos objetos roubados. Testemunhas relataram que alguns clientes recolheram parte desses artigos e abandonaram o local<\/p>\n<p>Um homem tentou, esta noite, assaltar a joalharia Gilles, no Centro Comercial Vasco da Gama, utilizando um p\u00e9 de cabra para partir v\u00e1rias montras e amea\u00e7ar funcion\u00e1rios.<\/p>\n<p>A TVI e CNN Portugal sabem que o suspeito se encontrava equipado com um p\u00e9 de cabra e passa-montanhas e conseguiu danificar diversas vitrinas do estabelecimento, levando consigo v\u00e1rios artigos antes de tentar fugir.<\/p>\n<p>A fuga foi, por\u00e9m, interrompida pelos seguran\u00e7as do centro comercial, que imobilizaram o indiv\u00edduo at\u00e9 \u00e0 chegada das autoridades. Um agente policial, que se encontrava no local, procedeu \u00e0 algemagem do suspeito, que foi posteriormente conduzido a uma esquadra da PSP para deten\u00e7\u00e3o e formaliza\u00e7\u00e3o do processo.<\/p>\n<p>Durante a fuga, o homem deixou cair diversos objetos roubados. Testemunhas relataram que alguns clientes \u2014 que n\u00e3o chegaram a ser identificados \u2014 recolheram parte desses artigos e abandonaram o local.<\/p>\n","protected":false},"excerpt":{"rendered":"Durante a fuga, o homem deixou cair diversos objetos roubados. Testemunhas relataram que alguns clientes recolheram parte desses&hellip;\n","protected":false},"author":2,"featured_media":65514,"comment_status":"","ping_status":"","sticky":false,"template":"","format":"standard","meta":{"footnotes":""},"categories":[10],"tags":[609,611,27,28,607,608,604,36927,610,539,15,16,14,603,25,26,570,21,22,606,12,13,19,20,602,32,23,24,33,36928,58,605,36926,17,18,29,30,31],"class_list":{"0":"post-179839","1":"post","2":"type-post","3":"status-publish","4":"format-standard","5":"has-post-thumbnail","7":"category-portugal","8":"tag-alerta","9":"tag-ao-minuto","10":"tag-breaking-news","11":"tag-breakingnews","12":"tag-cnn","13":"tag-cnn-portugal","14":"tag-crime","15":"tag-crime-vasco-da-gama","16":"tag-direto","17":"tag-educacao","18":"tag-featured-news","19":"tag-featurednews","20":"tag-headlines","21":"tag-justica","22":"tag-latest-news","23":"tag-latestnews","24":"tag-live","25":"tag-main-news","26":"tag-mainnews","27":"tag-meteorologia","28":"tag-news","29":"tag-noticias","30":"tag-noticias-principais","31":"tag-noticiasprincipais","32":"tag-pais","33":"tag-portugal","34":"tag-principais-noticias","35":"tag-principaisnoticias","36":"tag-pt","37":"tag-roubo-vasco-da-gama","38":"tag-sociedade","39":"tag-tempo","40":"tag-tentativa-de-roubo","41":"tag-top-stories","42":"tag-topstories","43":"tag-ultimas","44":"tag-ultimas-noticias","45":"tag-ultimasnoticias"},"share_on_mastodon":{"url":"","error":"Validation failed: Text character limit of 500 exceeded"},"_links":{"self":[{"href":"https:\/\/www.europesays.com\/pt\/wp-json\/wp\/v2\/posts\/179839","targetHints":{"allow":["GET"]}}],"collection":[{"href":"https:\/\/www.europesays.com\/pt\/wp-json\/wp\/v2\/posts"}],"about":[{"href":"https:\/\/www.europesays.com\/pt\/wp-json\/wp\/v2\/types\/post"}],"author":[{"embeddable":true,"href":"https:\/\/www.europesays.com\/pt\/wp-json\/wp\/v2\/users\/2"}],"replies":[{"embeddable":true,"href":"https:\/\/www.europesays.com\/pt\/wp-json\/wp\/v2\/comments?post=179839"}],"version-history":[{"count":0,"href":"https:\/\/www.europesays.com\/pt\/wp-json\/wp\/v2\/posts\/179839\/revisions"}],"wp:featuredmedia":[{"embeddable":true,"href":"https:\/\/www.europesays.com\/pt\/wp-json\/wp\/v2\/media\/65514"}],"wp:attachment":[{"href":"https:\/\/www.europesays.com\/pt\/wp-json\/wp\/v2\/media?parent=179839"}],"wp:term":[{"taxonomy":"category","embeddable":true,"href":"https:\/\/www.europesays.com\/pt\/wp-json\/wp\/v2\/categories?post=179839"},{"taxonomy":"post_tag","embeddable":true,"href":"https:\/\/www.europesays.com\/pt\/wp-json\/wp\/v2\/tags?post=179839"}],"curies":[{"name":"wp","href":"https:\/\/api.w.org\/{rel}","templated":true}]}}