{"id":179857,"date":"2025-12-08T11:05:23","date_gmt":"2025-12-08T11:05:23","guid":{"rendered":"https:\/\/www.europesays.com\/pt\/179857\/"},"modified":"2025-12-08T11:05:23","modified_gmt":"2025-12-08T11:05:23","slug":"gerluce-arma-plano-para-comprar-os-remedios-apos-roubar-estatua","status":"publish","type":"post","link":"https:\/\/www.europesays.com\/pt\/179857\/","title":{"rendered":"Gerluce arma plano para comprar os rem\u00e9dios ap\u00f3s roubar est\u00e1tua"},"content":{"rendered":"\n<p class=\" content-text__container \" data-track-category=\"Link no Texto\" data-track-links=\"\"> \u2014 Ent\u00e3o, se n\u00e3o d\u00e1 para comprar no atacado, o neg\u00f3cio \u00e9 avan\u00e7ar aos pouquinhos \u2014 dir\u00e1 Gerluce. <\/p>\n<p class=\" content-text__container \" data-track-category=\"Link no Texto\" data-track-links=\"\"> \u2014 Se a gente se separar e sair pela cidade, d\u00e1 para comprar uma quantidade razo\u00e1vel de rem\u00e9dio \u2014 completar\u00e1 Joaquim (<a class=\"\" href=\"https:\/\/oglobo.globo.com\/tudo-sobre\/personalidade\/marcos-palmeira\" rel=\"nofollow noopener\" target=\"_blank\">Marcos Palmeira<\/a>). <\/p>\n<p class=\" content-text__container \" data-track-category=\"Link no Texto\" data-track-links=\"\"> \u2014 \u00c9, e do jeito que S\u00e3o Paulo \u00e9 grande e cheia de farm\u00e1cia, tem como a gente se espalhar bem! Pode funcionar \u2014 concordar\u00e1 J\u00fanior (Guthierry Sotero). <\/p>\n","protected":false},"excerpt":{"rendered":"\u2014 Ent\u00e3o, se n\u00e3o d\u00e1 para comprar no atacado, o neg\u00f3cio \u00e9 avan\u00e7ar aos pouquinhos \u2014 dir\u00e1 Gerluce.&hellip;\n","protected":false},"author":2,"featured_media":179858,"comment_status":"","ping_status":"","sticky":false,"template":"","format":"standard","meta":{"footnotes":""},"categories":[142],"tags":[114,115,3748,32,33,679,4374,151],"class_list":{"0":"post-179857","1":"post","2":"type-post","3":"status-publish","4":"format-standard","5":"has-post-thumbnail","7":"category-tv","8":"tag-entertainment","9":"tag-entretenimento","10":"tag-marcos-palmeira","11":"tag-portugal","12":"tag-pt","13":"tag-reportagem","14":"tag-sophie-charlotte","15":"tag-tv"},"share_on_mastodon":{"url":"https:\/\/pubeurope.com\/@pt\/115683624429323670","error":""},"_links":{"self":[{"href":"https:\/\/www.europesays.com\/pt\/wp-json\/wp\/v2\/posts\/179857","targetHints":{"allow":["GET"]}}],"collection":[{"href":"https:\/\/www.europesays.com\/pt\/wp-json\/wp\/v2\/posts"}],"about":[{"href":"https:\/\/www.europesays.com\/pt\/wp-json\/wp\/v2\/types\/post"}],"author":[{"embeddable":true,"href":"https:\/\/www.europesays.com\/pt\/wp-json\/wp\/v2\/users\/2"}],"replies":[{"embeddable":true,"href":"https:\/\/www.europesays.com\/pt\/wp-json\/wp\/v2\/comments?post=179857"}],"version-history":[{"count":0,"href":"https:\/\/www.europesays.com\/pt\/wp-json\/wp\/v2\/posts\/179857\/revisions"}],"wp:featuredmedia":[{"embeddable":true,"href":"https:\/\/www.europesays.com\/pt\/wp-json\/wp\/v2\/media\/179858"}],"wp:attachment":[{"href":"https:\/\/www.europesays.com\/pt\/wp-json\/wp\/v2\/media?parent=179857"}],"wp:term":[{"taxonomy":"category","embeddable":true,"href":"https:\/\/www.europesays.com\/pt\/wp-json\/wp\/v2\/categories?post=179857"},{"taxonomy":"post_tag","embeddable":true,"href":"https:\/\/www.europesays.com\/pt\/wp-json\/wp\/v2\/tags?post=179857"}],"curies":[{"name":"wp","href":"https:\/\/api.w.org\/{rel}","templated":true}]}}