{"id":179859,"date":"2025-12-08T11:08:14","date_gmt":"2025-12-08T11:08:14","guid":{"rendered":"https:\/\/www.europesays.com\/pt\/179859\/"},"modified":"2025-12-08T11:08:14","modified_gmt":"2025-12-08T11:08:14","slug":"palmeiras-de-abel-ferreira-define-sonho-de-mercado-e-quer-ir-ao-wolverhampton-resgatar-antiga-estrela-do-brasileirao","status":"publish","type":"post","link":"https:\/\/www.europesays.com\/pt\/179859\/","title":{"rendered":"Palmeiras de Abel Ferreira define sonho de mercado e quer ir ao Wolverhampton resgatar antiga estrela do Brasileir\u00e3o"},"content":{"rendered":"<p>&#8211; Advertisement &#8211;<\/p>\n<p><strong>O Palmeiras quer contratar Jhon Arias. Jogador do Wolverhampton \u00e9 o principal alvo do emblema \u00e0s ordens de Abel Ferreira. <\/strong><\/p>\n<p>O Palmeiras de Abel Ferreira definiu o principal alvo de mercado para o in\u00edcio de 2026, principal janela de transfer\u00eancias na Am\u00e9rica do Sul. O Verd\u00e3o est\u00e1 de olho em Jhon Arias, avan\u00e7ado do Wolverhampton.<\/p>\n<p><a href=\"https:\/\/bolanarede.pt\/especial-bola-na-rede\/atualidade\/wolverhampton-contrata-jhon-arias-ao-fluminense\/\" target=\"_blank\" rel=\"noreferrer noopener nofollow\">Contratado no ver\u00e3o pelos wolves<\/a>, o internacional colombiano tem estado com pouco destaque e pode sair em janeiro para recuperar o protagonismo e marcar presen\u00e7a no Mundial 2026. Ainda assim, as duas prioridades de Jhon Arias passam quer por uma continuidade na Europa, quer por um regresso ao Fluminense.<\/p>\n<p>Jhon Arias leva 15 jogos pelo Wolverhampton esta \u00e9poca, sem qualquer contribui\u00e7\u00e3o para golo. Os wolves, recorde-se, ainda n\u00e3o venceram nesta edi\u00e7\u00e3o da Premier League. <\/p>\n<blockquote class=\"twitter-tweet\" data-width=\"550\" data-dnt=\"true\">\n<p lang=\"pt\" dir=\"ltr\">\u26a0\ufe0f Agora!<\/p>\n<p>Palmeiras busca maneiras de contratar Jhon Arias no in\u00edcio de 2026.<\/p>\n<p>O futuro do meia-atacante colombiano no Wolverhampton \u00e9 incerto, embora uma sa\u00edda em janeiro seja improv\u00e1vel.<\/p>\n<p>N\u00e3o \u00e9 de hoje que o Verd\u00e3o tem interesse em Arias. Em julho, M\u00e1rio Bittencourt,\u2026 <a href=\"https:\/\/t.co\/Ly50a9hOnu\" rel=\"nofollow\">pic.twitter.com\/Ly50a9hOnu<\/a><\/p>\n<p>\u2014 Planeta do Futebol \ud83c\udf0e (@futebol_info) <a href=\"https:\/\/twitter.com\/futebol_info\/status\/1996927905381724286?ref_src=twsrc%5Etfw\" rel=\"nofollow noopener\" target=\"_blank\">December 5, 2025<\/a><\/p><\/blockquote>\n<p><script async src=\"https:\/\/platform.twitter.com\/widgets.js\" charset=\"utf-8\"><\/script><\/p>\n","protected":false},"excerpt":{"rendered":"&#8211; Advertisement &#8211; O Palmeiras quer contratar Jhon Arias. Jogador do Wolverhampton \u00e9 o principal alvo do emblema&hellip;\n","protected":false},"author":2,"featured_media":179860,"comment_status":"","ping_status":"","sticky":false,"template":"","format":"standard","meta":{"footnotes":""},"categories":[87],"tags":[260,1620,135,7181,1621,32,666,33,134,4157],"class_list":{"0":"post-179859","1":"post","2":"type-post","3":"status-publish","4":"format-standard","5":"has-post-thumbnail","7":"category-desporto","8":"tag-atualidade","9":"tag-brasileirao","10":"tag-desporto","11":"tag-jhon-arias","12":"tag-palmeiras","13":"tag-portugal","14":"tag-premier-league","15":"tag-pt","16":"tag-sports","17":"tag-wolverhampton"},"share_on_mastodon":{"url":"https:\/\/pubeurope.com\/@pt\/115683636444756468","error":""},"_links":{"self":[{"href":"https:\/\/www.europesays.com\/pt\/wp-json\/wp\/v2\/posts\/179859","targetHints":{"allow":["GET"]}}],"collection":[{"href":"https:\/\/www.europesays.com\/pt\/wp-json\/wp\/v2\/posts"}],"about":[{"href":"https:\/\/www.europesays.com\/pt\/wp-json\/wp\/v2\/types\/post"}],"author":[{"embeddable":true,"href":"https:\/\/www.europesays.com\/pt\/wp-json\/wp\/v2\/users\/2"}],"replies":[{"embeddable":true,"href":"https:\/\/www.europesays.com\/pt\/wp-json\/wp\/v2\/comments?post=179859"}],"version-history":[{"count":0,"href":"https:\/\/www.europesays.com\/pt\/wp-json\/wp\/v2\/posts\/179859\/revisions"}],"wp:featuredmedia":[{"embeddable":true,"href":"https:\/\/www.europesays.com\/pt\/wp-json\/wp\/v2\/media\/179860"}],"wp:attachment":[{"href":"https:\/\/www.europesays.com\/pt\/wp-json\/wp\/v2\/media?parent=179859"}],"wp:term":[{"taxonomy":"category","embeddable":true,"href":"https:\/\/www.europesays.com\/pt\/wp-json\/wp\/v2\/categories?post=179859"},{"taxonomy":"post_tag","embeddable":true,"href":"https:\/\/www.europesays.com\/pt\/wp-json\/wp\/v2\/tags?post=179859"}],"curies":[{"name":"wp","href":"https:\/\/api.w.org\/{rel}","templated":true}]}}