{"id":179878,"date":"2025-12-08T11:27:08","date_gmt":"2025-12-08T11:27:08","guid":{"rendered":"https:\/\/www.europesays.com\/pt\/179878\/"},"modified":"2025-12-08T11:27:08","modified_gmt":"2025-12-08T11:27:08","slug":"estrategia-de-seguranca-nacional-europa-nao-pode-aceitar-ameaca-de-interferencia-dos-eua-na-vida-politica","status":"publish","type":"post","link":"https:\/\/www.europesays.com\/pt\/179878\/","title":{"rendered":"&#8220;Estrat\u00e9gia de Seguran\u00e7a Nacional&#8221;. Europa n\u00e3o pode aceitar &#8220;amea\u00e7a de interfer\u00eancia&#8221; dos EUA na vida pol\u00edtica"},"content":{"rendered":"<p>&#13;<br \/>\nNuma tomada de posi\u00e7\u00e3o ap\u00f3s as duras cr\u00edticas norte-americanas \u00e0s pol\u00edticas da Uni\u00e3o Europeia, Ant\u00f3nio Costa rejeitou qualquer tentativa dos Estados Unidos em interferir na pol\u00edtica europeia.&#13;\n<\/p>\n<p>&#13;<br \/>\n<b>&#8220;O que n\u00e3o podemos aceitar \u00e9 esta amea\u00e7a de interfer\u00eancia na vida pol\u00edtica da Europa&#8221;<\/b>, declarou Ant\u00f3nio Costa, numa interven\u00e7\u00e3o no Instituto Jacques Delors, salientando que <b>&#8220;os Estados Unidos n\u00e3o podem substituir os cidad\u00e3os europeus na escolha de quais s\u00e3o os bons partidos e os maus partidos&#8221;.<\/b>&#13;\n<\/p>\n<p>&#13;<br \/>\nA Administra\u00e7\u00e3o de Donald Trump divulgou na sexta-feira um documento no qual redefine a sua &#8220;Estrat\u00e9gia de Seguran\u00e7a Nacional&#8221;. E segundo a ag\u00eancia France-Presse, o documento, muito aguardado, formaliza a ofensiva lan\u00e7ada por Washington contra o continente europeu h\u00e1 meses. &#13;\n<\/p>\n<p>&#13;<br \/>\nEntre outros alvos desse documento, est\u00e3o as <b>institui\u00e7\u00f5es europeias que os Washington alega minarem &#8220;a liberdade pol\u00edtica e a soberania&#8221;, as pol\u00edticas migrat\u00f3rias, a &#8220;censura \u00e0 liberdade de express\u00e3o e a repress\u00e3o da oposi\u00e7\u00e3o pol\u00edtica, o colapso das taxas de natalidade e a perda das identidades nacionais e da autoconfian\u00e7a&#8221; na Europa.<\/b>&#13;\n<\/p>\n<p>&#13;<br \/>\nEm resposta \u00e0s cr\u00edticas norte-americanas, o presidente do Conselho Europeu\u00a0sublinhou, no discurso desta segunda-feira, que <b>os EUA &#8220;n\u00e3o podem substituir a Europa naquilo que ela considera ser a liberdade de express\u00e3o\u201d.<\/b>&#13;\n<\/p>\n<p>&#13;<br \/>\n<b>&#8220;Temos diferen\u00e7as nas nossas vis\u00f5es do mundo, mas isto vai para al\u00e9m disso. Esta estrat\u00e9gia continua a falar da Europa como uma aliada, mas, se somos aliados, devemos agir como aliados&#8221; e respeitar a soberania uns dos outros<\/b>, defendeu o antigo primeiro-ministro portugu\u00eas.&#13;\n<\/p>\n<p>&#13;<br \/>\nPara o presidente do Conselho Europeu, &#8220;os Estados Unidos continuam a ser um aliado importante, os Estados Unidos continuam a ser um parceiro econ\u00f3mico importante&#8221;.&#13;\n<\/p>\n<p class=\"Right\">&#13;<br \/>\nAnt\u00f3nio Costa acrescentou ainda\u00a0o facto de a R\u00fassia ter considerado a nova perspetiva de Washington como &#8220;em grande parte consistente&#8221; era um sinal preocupante.&#13;\n<\/p>\n<p class=\"Right\">&#13;<br \/>\n&#8220;Mas a nossa Europa tem de ser soberana&#8221;, concluiu. &#13;\n<\/p>\n<p>&#13;<br \/>\nNa &#8220;Estrat\u00e9gia de Seguran\u00e7a Nacional&#8221;, alerta-se para o<b> perigo de &#8220;extin\u00e7\u00e3o civilizacional&#8221; da Europa, caso se mantenham as &#8220;tend\u00eancias atuais&#8221;.<\/b>&#13;\n<\/p>\n<p>&#13;<br \/>\n<b>&#8220;Se as tend\u00eancias atuais continuarem, o continente [Europa] vai ficar irreconhec\u00edvel dentro de 20 anos ou menos&#8221;<\/b>, l\u00ea-se no documento, de 33 p\u00e1ginas, analisado pela ag\u00eancia de not\u00edcias francesa AFP, onde \u00e9 defendida a &#8220;restaura\u00e7\u00e3o da supremacia&#8221; dos EUA na Am\u00e9rica Latina.&#13;\n<\/p>\n<p>&#13;<br \/>\nTrump, no pref\u00e1cio, resume: <b>&#8220;Pomos a Am\u00e9rica em primeiro lugar em tudo o que fazemos&#8221;.<\/b>&#13;\n<\/p>\n<p>&#13;<br \/>\n&#8220;\u00c9 mais do que plaus\u00edvel que, em poucas d\u00e9cadas, no m\u00e1ximo, os membros da NATO (Organiza\u00e7\u00e3o do Tratado do Atl\u00e2ntico Norte, na sigla inglesa) se tornem predominantemente n\u00e3o europeus&#8221;, escreveu, acrescentando que &#8220;\u00e9 leg\u00edtimo questionar se eles perceber\u00e3o seu lugar no mundo ou sua alian\u00e7a com os EUA, da mesma forma que aqueles que assinaram a carta da organiza\u00e7\u00e3o&#8221;.&#13;\n<\/p>\n<p>&#13;<br \/>\nWashington manifesta o desejo de que &#8220;a Europa permane\u00e7a europeia, recupere sua autoconfian\u00e7a civilizacional e abandone sua obsess\u00e3o infrut\u00edfera com o sufoco regulat\u00f3rio&#8221;.&#13;\n<\/p>\n<p>&#13;<br \/>\nNo texto, defende-se ainda que &#8220;a era das migra\u00e7\u00f5es massivas tem de acabar&#8221; e que &#8220;a seguran\u00e7a das fronteiras \u00e9 o principal elemento da seguran\u00e7a nacional [norte-americana]&#8221;.&#13;\n<\/p>\n<p>&#13;<br \/>\nEntre outros aspetos, a estrat\u00e9gia dos EUA anuncia um reajustamento da sua presen\u00e7a militar no mundo, &#8220;para responder \u00e0s amea\u00e7as emergentes&#8221; naquele continente e um &#8220;afastamento de `teatros` [de opera\u00e7\u00f5es] cuja import\u00e2ncia relativa para a seguran\u00e7a nacional americana diminuiu nos \u00faltimos anos ou d\u00e9cadas&#8221;.&#13;\n<\/p>\n<p>&#13;<br \/>\n\u00a0&#13;\n<\/p>\n<p>&#13;<br \/>\nC\/ag\u00eancias&#13;<\/p>\n","protected":false},"excerpt":{"rendered":"&#13; Numa tomada de posi\u00e7\u00e3o ap\u00f3s as duras cr\u00edticas norte-americanas \u00e0s pol\u00edticas da Uni\u00e3o Europeia, Ant\u00f3nio Costa rejeitou&hellip;\n","protected":false},"author":2,"featured_media":179879,"comment_status":"","ping_status":"","sticky":false,"template":"","format":"standard","meta":{"footnotes":""},"categories":[50],"tags":[27,28,15,16,14,25,26,21,22,62,12,13,19,20,23,24,17,18,20758,29,30,31,63,64,65],"class_list":{"0":"post-179878","1":"post","2":"type-post","3":"status-publish","4":"format-standard","5":"has-post-thumbnail","7":"category-mundo","8":"tag-breaking-news","9":"tag-breakingnews","10":"tag-featured-news","11":"tag-featurednews","12":"tag-headlines","13":"tag-latest-news","14":"tag-latestnews","15":"tag-main-news","16":"tag-mainnews","17":"tag-mundo","18":"tag-news","19":"tag-noticias","20":"tag-noticias-principais","21":"tag-noticiasprincipais","22":"tag-principais-noticias","23":"tag-principaisnoticias","24":"tag-top-stories","25":"tag-topstories","26":"tag-tratado-atlantico","27":"tag-ultimas","28":"tag-ultimas-noticias","29":"tag-ultimasnoticias","30":"tag-world","31":"tag-world-news","32":"tag-worldnews"},"share_on_mastodon":{"url":"https:\/\/pubeurope.com\/@pt\/115683711091153081","error":""},"_links":{"self":[{"href":"https:\/\/www.europesays.com\/pt\/wp-json\/wp\/v2\/posts\/179878","targetHints":{"allow":["GET"]}}],"collection":[{"href":"https:\/\/www.europesays.com\/pt\/wp-json\/wp\/v2\/posts"}],"about":[{"href":"https:\/\/www.europesays.com\/pt\/wp-json\/wp\/v2\/types\/post"}],"author":[{"embeddable":true,"href":"https:\/\/www.europesays.com\/pt\/wp-json\/wp\/v2\/users\/2"}],"replies":[{"embeddable":true,"href":"https:\/\/www.europesays.com\/pt\/wp-json\/wp\/v2\/comments?post=179878"}],"version-history":[{"count":0,"href":"https:\/\/www.europesays.com\/pt\/wp-json\/wp\/v2\/posts\/179878\/revisions"}],"wp:featuredmedia":[{"embeddable":true,"href":"https:\/\/www.europesays.com\/pt\/wp-json\/wp\/v2\/media\/179879"}],"wp:attachment":[{"href":"https:\/\/www.europesays.com\/pt\/wp-json\/wp\/v2\/media?parent=179878"}],"wp:term":[{"taxonomy":"category","embeddable":true,"href":"https:\/\/www.europesays.com\/pt\/wp-json\/wp\/v2\/categories?post=179878"},{"taxonomy":"post_tag","embeddable":true,"href":"https:\/\/www.europesays.com\/pt\/wp-json\/wp\/v2\/tags?post=179878"}],"curies":[{"name":"wp","href":"https:\/\/api.w.org\/{rel}","templated":true}]}}