{"id":17988,"date":"2025-08-06T05:58:08","date_gmt":"2025-08-06T05:58:08","guid":{"rendered":"https:\/\/www.europesays.com\/pt\/17988\/"},"modified":"2025-08-06T05:58:08","modified_gmt":"2025-08-06T05:58:08","slug":"bruna-marquezine-celebra-aniversario-com-bolo-em-set-de-filmagem","status":"publish","type":"post","link":"https:\/\/www.europesays.com\/pt\/17988\/","title":{"rendered":"Bruna Marquezine celebra anivers\u00e1rio com bolo em set de filmagem"},"content":{"rendered":"\n<p class=\" content-text__container \" data-track-category=\"Link no Texto\" data-track-links=\"\"> Mas este foram apenas o inicio das comemora\u00e7\u00f5es de Bruna. <a class=\"\" href=\"https:\/\/revistaquem.globo.com\/noticias\/noticia\/2025\/07\/saiba-quem-ficou-de-fora-da-lista-de-convidados-do-festao-de-bruna-marquezine-segundo-colunista.ghtml\" rel=\"nofollow noopener\" target=\"_blank\">A atriz ir\u00e1 comemorar com um fest\u00e3o de anivers\u00e1rio na Ilha Fiscal, no Rio de Janeiro, no dia 15.<\/a> De acordo com o jornalista Matheus Baldi, da revista Isto\u00c9, uma fonte revelou que os gastos com a festa superam a marca de R$ 1 milh\u00e3o, embora o aluguel do espa\u00e7o comece em R$ 75 mil. O valor incluindo decora\u00e7\u00e3o sofisticada, buffet requintado e todos os detalhes de produ\u00e7\u00e3o, como ta\u00e7as, tecidos, perfume. <\/p>\n","protected":false},"excerpt":{"rendered":"Mas este foram apenas o inicio das comemora\u00e7\u00f5es de Bruna. A atriz ir\u00e1 comemorar com um fest\u00e3o de&hellip;\n","protected":false},"author":2,"featured_media":17989,"comment_status":"","ping_status":"","sticky":false,"template":"","format":"standard","meta":{"footnotes":""},"categories":[145],"tags":[3863,211,210,114,115,32,33],"class_list":{"0":"post-17988","1":"post","2":"type-post","3":"status-publish","4":"format-standard","5":"has-post-thumbnail","7":"category-celebridades","8":"tag-bruna-marquezine","9":"tag-celebridades","10":"tag-celebrities","11":"tag-entertainment","12":"tag-entretenimento","13":"tag-portugal","14":"tag-pt"},"share_on_mastodon":{"url":"","error":""},"_links":{"self":[{"href":"https:\/\/www.europesays.com\/pt\/wp-json\/wp\/v2\/posts\/17988","targetHints":{"allow":["GET"]}}],"collection":[{"href":"https:\/\/www.europesays.com\/pt\/wp-json\/wp\/v2\/posts"}],"about":[{"href":"https:\/\/www.europesays.com\/pt\/wp-json\/wp\/v2\/types\/post"}],"author":[{"embeddable":true,"href":"https:\/\/www.europesays.com\/pt\/wp-json\/wp\/v2\/users\/2"}],"replies":[{"embeddable":true,"href":"https:\/\/www.europesays.com\/pt\/wp-json\/wp\/v2\/comments?post=17988"}],"version-history":[{"count":0,"href":"https:\/\/www.europesays.com\/pt\/wp-json\/wp\/v2\/posts\/17988\/revisions"}],"wp:featuredmedia":[{"embeddable":true,"href":"https:\/\/www.europesays.com\/pt\/wp-json\/wp\/v2\/media\/17989"}],"wp:attachment":[{"href":"https:\/\/www.europesays.com\/pt\/wp-json\/wp\/v2\/media?parent=17988"}],"wp:term":[{"taxonomy":"category","embeddable":true,"href":"https:\/\/www.europesays.com\/pt\/wp-json\/wp\/v2\/categories?post=17988"},{"taxonomy":"post_tag","embeddable":true,"href":"https:\/\/www.europesays.com\/pt\/wp-json\/wp\/v2\/tags?post=17988"}],"curies":[{"name":"wp","href":"https:\/\/api.w.org\/{rel}","templated":true}]}}