{"id":179882,"date":"2025-12-08T11:30:31","date_gmt":"2025-12-08T11:30:31","guid":{"rendered":"https:\/\/www.europesays.com\/pt\/179882\/"},"modified":"2025-12-08T11:30:31","modified_gmt":"2025-12-08T11:30:31","slug":"clara-moneke-fala-sobre-identidade-e-pertencimento-no-ela-veroes-no-copacabana-palace","status":"publish","type":"post","link":"https:\/\/www.europesays.com\/pt\/179882\/","title":{"rendered":"Clara Moneke fala sobre identidade e pertencimento no ELA Ver\u00f5es, no Copacabana Palace"},"content":{"rendered":"\n<p class=\" content-text__container theme-color-primary-first-letter\" data-track-category=\"Link no Texto\" data-track-links=\"\"> A atriz <strong>Clara Moneke<\/strong> marcou presen\u00e7a no ELA Ver\u00f5es, evento promovido pela Revista ELA, realizado neste s\u00e1bado (7) no Copacabana Palace, na Zona Sul do Rio de Janeiro. Acompanhada do namorado, <strong>Breno Ferreira<\/strong>, a protagonista de &#8220;Dona de Mim&#8221; compartilha reflex\u00f5es sobre identidade, amor e o impacto de sua caminhada no cen\u00e1rio art\u00edstico. <\/p>\n<ul class=\"content-unordered-list\">\n<li><strong>ELA Ver\u00f5es: <\/strong><a class=\"\" href=\"https:\/\/oglobo.globo.com\/ela\/noticia\/2025\/12\/07\/ela-veroes-mariana-goldfarb-revela-segredos-de-beleza-e-alerta-sobre-a-violencia-contra-a-mulher-nao-da-mais-para-fechar-os-olhos.ghtml\" rel=\"nofollow noopener\" target=\"_blank\"><strong>Mariana Goldfarb revela segredos de beleza e alerta sobre a viol\u00eancia contra a mulher: &#8216;N\u00e3o d\u00e1 mais para fechar os olhos&#8217;<\/strong><\/a><\/li>\n<li><strong>&#8216;Quero envelhecer bem&#8217;: <\/strong><a class=\"\" href=\"https:\/\/oglobo.globo.com\/ela\/noticia\/2025\/12\/07\/quero-envelhecer-bem-romulo-estrela-fala-de-vaidade-e-rotina-saudavel-no-ela-veroes.ghtml\" rel=\"nofollow noopener\" target=\"_blank\"><strong>Romulo Estrela fala de vaidade e rotina saud\u00e1vel no ELA Ver\u00f5es<\/strong><\/a><\/li>\n<\/ul>\n<p class=\" content-text__container \" data-track-category=\"Link no Texto\" data-track-links=\"\"> Em um bate-papo sincero, Breno destaca a import\u00e2ncia de se reconhecer como pessoa preta em um espa\u00e7o de visibilidade, ressaltando como sua arte e viv\u00eancia refletem uma conex\u00e3o profunda com o seu lugar de pertencimento. &#8220;N\u00e3o tem como ir para outro lugar, a partir do momento que voc\u00ea \u00e9 uma pessoa preta. A identifica\u00e7\u00e3o para mim \u00e9 outra, eu falo do meu lugar, do meu pertencimento a esse espa\u00e7o&#8221;, afirma o artista, enfatizando que a sua jornada vai muito al\u00e9m das apar\u00eancias externas. <\/p>\n<p class=\" content-text__container \" data-track-category=\"Link no Texto\" data-track-links=\"\"> Para Breno, o que realmente importa \u00e9 a realiza\u00e7\u00e3o pessoal e o impacto positivo que ela causa nas pessoas ao seu redor. &#8220;Para mim, \u00e9 um deleite para al\u00e9m do externo. Como isso vai para o externo, que a gente fica muito feliz. Mas o importante \u00e9 que s\u00e3o pessoas muito realizadas, jovens, em ascens\u00e3o, com muito amor. E a tradu\u00e7\u00e3o disso \u00e9 pessoas se identificarem, pessoas se torcerem, e a gente fica muito feliz&#8221;, diz ele, ressaltando a for\u00e7a do coletivo e a troca genu\u00edna de energia que surge a partir dessa identifica\u00e7\u00e3o m\u00fatua. <\/p>\n<p class=\" content-text__container \" data-track-category=\"Link no Texto\" data-track-links=\"\"> Clara tamb\u00e9m refor\u00e7a que o amor negro, em sua ess\u00eancia, carrega um car\u00e1ter pol\u00edtico, por confrontar as adversidades de uma realidade que n\u00e3o foi constru\u00edda pelas pessoas negras. &#8220;O amor preto por si s\u00f3 j\u00e1 \u00e9 pol\u00edtico, ent\u00e3o a gente tenta n\u00e3o viver \u00e0 margem de uma dor que n\u00e3o fomos n\u00f3s que inventamos. A gente bate de frente com a realidade, com a estrutura, com o sistema, mas a gente j\u00e1 \u00e9 a resposta para tudo isso&#8221;, explica a jovem, demonstrando resili\u00eancia e compromisso com a constru\u00e7\u00e3o de um futuro mais justo e representativo. <\/p>\n<p class=\" content-text__container \" data-track-category=\"Link no Texto\" data-track-links=\"\"> Junto de Breno, ela aponta a import\u00e2ncia de seguir trabalhando com dedica\u00e7\u00e3o, focando no que \u00e9 poss\u00edvel fazer de melhor para a arte e para a coletividade. &#8220;A gente segue fazendo o nosso trabalho, focando no nosso melhor, no que a gente pode fazer de melhor para nossa arte. E sempre vai ser sobre isso. Sobre a gente, sobre o nosso pertencimento e sobre o coletivo que est\u00e1 acontecendo&#8221;, reflete. <\/p>\n<p class=\" content-text__container \" data-track-category=\"Link no Texto\" data-track-links=\"\"> Por fim, Clara fala sobre o impacto de sua trajet\u00f3ria, enxergando-a como um exemplo para os que vir\u00e3o. &#8220;A gente aqui \u00e9 o caminho para que muitos fizeram e o caminho que a gente est\u00e1 fazendo para tantos&#8221;, conclui. <\/p>\n","protected":false},"excerpt":{"rendered":"A atriz Clara Moneke marcou presen\u00e7a no ELA Ver\u00f5es, evento promovido pela Revista ELA, realizado neste s\u00e1bado (7)&hellip;\n","protected":false},"author":2,"featured_media":179883,"comment_status":"","ping_status":"","sticky":false,"template":"","format":"standard","meta":{"footnotes":""},"categories":[145],"tags":[211,210,114,115,319,32,33,318],"class_list":{"0":"post-179882","1":"post","2":"type-post","3":"status-publish","4":"format-standard","5":"has-post-thumbnail","7":"category-celebridades","8":"tag-celebridades","9":"tag-celebrities","10":"tag-entertainment","11":"tag-entretenimento","12":"tag-hard-news","13":"tag-portugal","14":"tag-pt","15":"tag-radar"},"share_on_mastodon":{"url":"https:\/\/pubeurope.com\/@pt\/115683722773185445","error":""},"_links":{"self":[{"href":"https:\/\/www.europesays.com\/pt\/wp-json\/wp\/v2\/posts\/179882","targetHints":{"allow":["GET"]}}],"collection":[{"href":"https:\/\/www.europesays.com\/pt\/wp-json\/wp\/v2\/posts"}],"about":[{"href":"https:\/\/www.europesays.com\/pt\/wp-json\/wp\/v2\/types\/post"}],"author":[{"embeddable":true,"href":"https:\/\/www.europesays.com\/pt\/wp-json\/wp\/v2\/users\/2"}],"replies":[{"embeddable":true,"href":"https:\/\/www.europesays.com\/pt\/wp-json\/wp\/v2\/comments?post=179882"}],"version-history":[{"count":0,"href":"https:\/\/www.europesays.com\/pt\/wp-json\/wp\/v2\/posts\/179882\/revisions"}],"wp:featuredmedia":[{"embeddable":true,"href":"https:\/\/www.europesays.com\/pt\/wp-json\/wp\/v2\/media\/179883"}],"wp:attachment":[{"href":"https:\/\/www.europesays.com\/pt\/wp-json\/wp\/v2\/media?parent=179882"}],"wp:term":[{"taxonomy":"category","embeddable":true,"href":"https:\/\/www.europesays.com\/pt\/wp-json\/wp\/v2\/categories?post=179882"},{"taxonomy":"post_tag","embeddable":true,"href":"https:\/\/www.europesays.com\/pt\/wp-json\/wp\/v2\/tags?post=179882"}],"curies":[{"name":"wp","href":"https:\/\/api.w.org\/{rel}","templated":true}]}}