{"id":179884,"date":"2025-12-08T11:33:11","date_gmt":"2025-12-08T11:33:11","guid":{"rendered":"https:\/\/www.europesays.com\/pt\/179884\/"},"modified":"2025-12-08T11:33:11","modified_gmt":"2025-12-08T11:33:11","slug":"a-impagavel-reacao-de-bruna-ao-saber-que-pedro-jorge-e-marisa-sao-casados-noticias-de-hoje","status":"publish","type":"post","link":"https:\/\/www.europesays.com\/pt\/179884\/","title":{"rendered":"A impag\u00e1vel rea\u00e7\u00e3o de Bruna ao saber que Pedro Jorge e Marisa s\u00e3o casados &#8211; Not\u00edcias de hoje"},"content":{"rendered":"<p>                                    <a href=\"https:\/\/www.iol.pt\/maisVistos\/em-primeira-mao-dylan-reage-a-resposta-de-vera-nas-redes-sociais\/6936210e0cf28fe43048784f\" rel=\"nofollow noopener\" target=\"_blank\"><\/p>\n<p>Em primeira m\u00e3o! Dylan reage \u00e0 resposta de Vera nas redes sociais<\/p>\n<p>                                    <\/a><\/p>\n<p>Na gala do gala do <strong>Secret Story 9<\/strong>, Cristina Ferreira fica intrigada com uma revela\u00e7\u00e3o de Dylan sobre Vera. A apresentadora quis saber se j\u00e1 viu a colega expulsa depois de o agredir, ou se trocaram mensagens. Dylan responde que n\u00e3o, nem tem interesse para o fazer. Vai mais longe e acusa a ex-concorrente de ter medo de o enfrentar olhos nos olhos, da\u00ed a sua aus\u00eancia das galas.<\/p>\n<p>Horas mais tarde, Vera respondeu \u00e0s acusa\u00e7\u00f5es nas redes sociais e agora, bem no fim da gala, Dylan aproveitou para deixar um esclarecimento sobre a rela\u00e7\u00e3o de ambos e responder ao que a ex-concorrente partilhou.<\/p>\n","protected":false},"excerpt":{"rendered":"Em primeira m\u00e3o! Dylan reage \u00e0 resposta de Vera nas redes sociais Na gala do gala do Secret&hellip;\n","protected":false},"author":2,"featured_media":179885,"comment_status":"","ping_status":"","sticky":false,"template":"","format":"standard","meta":{"footnotes":""},"categories":[142],"tags":[1997,114,115,488,19184,13,21416,32,33,151],"class_list":{"0":"post-179884","1":"post","2":"type-post","3":"status-publish","4":"format-standard","5":"has-post-thumbnail","7":"category-tv","8":"tag-bruna","9":"tag-entertainment","10":"tag-entretenimento","11":"tag-iol","12":"tag-marisa","13":"tag-noticias","14":"tag-pedro-jorge","15":"tag-portugal","16":"tag-pt","17":"tag-tv"},"share_on_mastodon":{"url":"https:\/\/pubeurope.com\/@pt\/115683734698102239","error":""},"_links":{"self":[{"href":"https:\/\/www.europesays.com\/pt\/wp-json\/wp\/v2\/posts\/179884","targetHints":{"allow":["GET"]}}],"collection":[{"href":"https:\/\/www.europesays.com\/pt\/wp-json\/wp\/v2\/posts"}],"about":[{"href":"https:\/\/www.europesays.com\/pt\/wp-json\/wp\/v2\/types\/post"}],"author":[{"embeddable":true,"href":"https:\/\/www.europesays.com\/pt\/wp-json\/wp\/v2\/users\/2"}],"replies":[{"embeddable":true,"href":"https:\/\/www.europesays.com\/pt\/wp-json\/wp\/v2\/comments?post=179884"}],"version-history":[{"count":0,"href":"https:\/\/www.europesays.com\/pt\/wp-json\/wp\/v2\/posts\/179884\/revisions"}],"wp:featuredmedia":[{"embeddable":true,"href":"https:\/\/www.europesays.com\/pt\/wp-json\/wp\/v2\/media\/179885"}],"wp:attachment":[{"href":"https:\/\/www.europesays.com\/pt\/wp-json\/wp\/v2\/media?parent=179884"}],"wp:term":[{"taxonomy":"category","embeddable":true,"href":"https:\/\/www.europesays.com\/pt\/wp-json\/wp\/v2\/categories?post=179884"},{"taxonomy":"post_tag","embeddable":true,"href":"https:\/\/www.europesays.com\/pt\/wp-json\/wp\/v2\/tags?post=179884"}],"curies":[{"name":"wp","href":"https:\/\/api.w.org\/{rel}","templated":true}]}}