{"id":179915,"date":"2025-12-08T11:56:18","date_gmt":"2025-12-08T11:56:18","guid":{"rendered":"https:\/\/www.europesays.com\/pt\/179915\/"},"modified":"2025-12-08T11:56:18","modified_gmt":"2025-12-08T11:56:18","slug":"homem-armado-com-pe-de-cabra-detido-apos-partir-montras-de-ourivesaria","status":"publish","type":"post","link":"https:\/\/www.europesays.com\/pt\/179915\/","title":{"rendered":"homem armado com p\u00e9 de cabra detido ap\u00f3s partir montras de ourivesaria"},"content":{"rendered":"<p>Um homem foi detido na noite de domingo ap\u00f3s tentar assaltar a joalharia Gilles, no Centro Comercial Vasco da Gama, em Lisboa, utilizando um p\u00e9 de cabra para partir v\u00e1rias montras e amea\u00e7ar funcion\u00e1rios. Segundo avan\u00e7aram a TVI\/CNN Portugal, o suspeito, equipado com passa-montanhas, conseguiu destruir diversas vitrinas e furtar v\u00e1rias pe\u00e7as antes de tentar fugir.<\/p>\n<p>A tentativa de fuga acabou por ser travada pelos seguran\u00e7as do centro comercial, que imobilizaram o indiv\u00edduo at\u00e9 \u00e0 chegada da PSP. Um pol\u00edcia que se encontrava no local procedeu \u00e0 algemagem do suspeito, que foi depois conduzido a uma esquadra para formaliza\u00e7\u00e3o da deten\u00e7\u00e3o.<\/p>\n<p>Durante a correria, o assaltante deixou cair v\u00e1rios objetos roubados. Testemunhas relataram que alguns clientes recolheram parte dessas pe\u00e7as antes de abandonar o local, comportamento que as autoridades dever\u00e3o agora averiguar.<\/p>\n<p>O Comando Metropolitano de Lisboa da PSP confirmou que o detido, descrito como \u201cjovem\u201d, entrou na ourivesaria munido de um p\u00e9 de cabra, \u201ccom o qual partiu a montra\u201d, retirando \u201cobjetos de ouro\u201d avaliados em cerca de 20 mil euros. Nenhum funcion\u00e1rio ou cliente ficou ferido durante o assalto.<\/p>\n<p>O alerta foi dado entre as 19h00 e as 20h35, conforme os diferentes relatos, e o homem ser\u00e1 presente a tribunal na ter\u00e7a-feira para aplica\u00e7\u00e3o das medidas de coa\u00e7\u00e3o.<\/p>\n","protected":false},"excerpt":{"rendered":"Um homem foi detido na noite de domingo ap\u00f3s tentar assaltar a joalharia Gilles, no Centro Comercial Vasco&hellip;\n","protected":false},"author":2,"featured_media":179916,"comment_status":"","ping_status":"","sticky":false,"template":"","format":"standard","meta":{"footnotes":""},"categories":[10],"tags":[2446,27,28,36931,15,16,14,20754,25,26,21,22,12,13,19,20,32,23,24,33,17,18,29,30,31],"class_list":{"0":"post-179915","1":"post","2":"type-post","3":"status-publish","4":"format-standard","5":"has-post-thumbnail","7":"category-portugal","8":"tag-assalto","9":"tag-breaking-news","10":"tag-breakingnews","11":"tag-centro-comercial-vasco-da-gama","12":"tag-featured-news","13":"tag-featurednews","14":"tag-headlines","15":"tag-joalharia","16":"tag-latest-news","17":"tag-latestnews","18":"tag-main-news","19":"tag-mainnews","20":"tag-news","21":"tag-noticias","22":"tag-noticias-principais","23":"tag-noticiasprincipais","24":"tag-portugal","25":"tag-principais-noticias","26":"tag-principaisnoticias","27":"tag-pt","28":"tag-top-stories","29":"tag-topstories","30":"tag-ultimas","31":"tag-ultimas-noticias","32":"tag-ultimasnoticias"},"share_on_mastodon":{"url":"https:\/\/pubeurope.com\/@pt\/115683824984071930","error":""},"_links":{"self":[{"href":"https:\/\/www.europesays.com\/pt\/wp-json\/wp\/v2\/posts\/179915","targetHints":{"allow":["GET"]}}],"collection":[{"href":"https:\/\/www.europesays.com\/pt\/wp-json\/wp\/v2\/posts"}],"about":[{"href":"https:\/\/www.europesays.com\/pt\/wp-json\/wp\/v2\/types\/post"}],"author":[{"embeddable":true,"href":"https:\/\/www.europesays.com\/pt\/wp-json\/wp\/v2\/users\/2"}],"replies":[{"embeddable":true,"href":"https:\/\/www.europesays.com\/pt\/wp-json\/wp\/v2\/comments?post=179915"}],"version-history":[{"count":0,"href":"https:\/\/www.europesays.com\/pt\/wp-json\/wp\/v2\/posts\/179915\/revisions"}],"wp:featuredmedia":[{"embeddable":true,"href":"https:\/\/www.europesays.com\/pt\/wp-json\/wp\/v2\/media\/179916"}],"wp:attachment":[{"href":"https:\/\/www.europesays.com\/pt\/wp-json\/wp\/v2\/media?parent=179915"}],"wp:term":[{"taxonomy":"category","embeddable":true,"href":"https:\/\/www.europesays.com\/pt\/wp-json\/wp\/v2\/categories?post=179915"},{"taxonomy":"post_tag","embeddable":true,"href":"https:\/\/www.europesays.com\/pt\/wp-json\/wp\/v2\/tags?post=179915"}],"curies":[{"name":"wp","href":"https:\/\/api.w.org\/{rel}","templated":true}]}}