{"id":17996,"date":"2025-08-06T06:19:08","date_gmt":"2025-08-06T06:19:08","guid":{"rendered":"https:\/\/www.europesays.com\/pt\/17996\/"},"modified":"2025-08-06T06:19:08","modified_gmt":"2025-08-06T06:19:08","slug":"obesidade-pode-ser-transmitida-de-pais-para-filhos-mas-quais-sao-os-genes-mais-importantes-os-da-mae-ou-do-pai","status":"publish","type":"post","link":"https:\/\/www.europesays.com\/pt\/17996\/","title":{"rendered":"Obesidade pode ser transmitida de pais para filhos. Mas quais s\u00e3o os genes mais importantes, os da m\u00e3e ou do pai?"},"content":{"rendered":"<p>\n         Publicado a<br \/>\n            06\/08\/2025 &#8211; 7:47 GMT+2\n            <\/p>\n<p>          <img decoding=\"async\" class=\"c-ad__placeholder__logo\" src=\"https:\/\/static.euronews.com\/website\/images\/logos\/logo-euronews-stacked-outlined-72x72-grey-9.svg\" width=\"72\" height=\"72\" alt=\"\" loading=\"lazy\"\/><br \/>\n          PUBLICIDADE<\/p>\n<p>As crian\u00e7as cujos pais s\u00e3o obesos t\u00eam mais probabilidades de tamb\u00e9m o serem, mas os genes das m\u00e3es parecem ser particularmente importantes na determina\u00e7\u00e3o do peso das crian\u00e7as, segundo um novo estudo.<\/p>\n<p>Acredita-se que a obesidade \u00e9 causada por uma combina\u00e7\u00e3o de fatores heredit\u00e1rios e ambientais. Os genes transmitidos de pais para filhos afetam o apetite, a sensa\u00e7\u00e3o de saciedade, o metabolismo, os desejos de comer, a distribui\u00e7\u00e3o da gordura corporal e muito mais.<\/p>\n<p>O estudo, publicado na revista <a href=\"http:\/\/plos.io\/4kQdk6y\" target=\"_blank\" rel=\"noreferrer nofollow noopener\"><strong>PLOS Genetics<\/strong><\/a>, indica que, embora as crian\u00e7as recebam metade do seu ADN de cada progenitor, \u00e9 a gen\u00e9tica da m\u00e3e que tem mais import\u00e2ncia no que diz respeito ao \u00edndice de massa corporal (IMC).<\/p>\n<p>&#8220;A gen\u00e9tica da m\u00e3e parece desempenhar um papel importante na influ\u00eancia do peso do seu filho, para al\u00e9m da gen\u00e9tica da crian\u00e7a&#8221;, afirmou Liam Wright, autor principal do estudo e investigador da University College London, num comunicado.<\/p>\n<p>A equipa de Wright analisou dados gen\u00e9ticos e de sa\u00fade de mais de 2600 fam\u00edlias brit\u00e2nicas com filhos nascidos entre 2001 e 2002, acompanhando-os desde o nascimento at\u00e9 aos 17 anos de idade.<\/p>\n<p>O acesso aos genes das crian\u00e7as e dos pais foi fundamental. Tal permitiu aos investigadores identificar os genes herdados pelas crian\u00e7as, bem como os genes que os pais n\u00e3o transmitiram, mas que poderiam, ainda assim, influenciar a sa\u00fade dos filhos.<\/p>\n<p>Estes efeitos indiretos, designados por &#8220;educa\u00e7\u00e3o gen\u00e9tica&#8221;, s\u00e3o importantes, pois ajudam a moldar a forma como as crian\u00e7as crescem, desde as condi\u00e7\u00f5es no \u00fatero at\u00e9 \u00e0s pr\u00e1ticas parentais, afirmam os autores do estudo.<\/p>\n<p>O IMC de ambos os pais \u00e9 importante para o peso de uma crian\u00e7a, segundo o estudo. No entanto, enquanto a influ\u00eancia do pai estava quase inteiramente relacionada com os genes por ele transmitidos, o impacto do IMC da m\u00e3e teve um alcance mais amplo.<\/p>\n<p>Isto pode dever-se ao facto de os genes da m\u00e3e influenciarem o seu pr\u00f3prio peso, os seus h\u00e1bitos alimentares ou as suas atividades durante a gravidez, desempenhando, por sua vez, um papel no desenvolvimento e na sa\u00fade do seu filho.<\/p>\n<p>&#8220;Para al\u00e9m dos genes que as m\u00e3es transmitem diretamente, os nossos resultados sugerem que a gen\u00e9tica materna \u00e9 fundamental para moldar o ambiente em que a crian\u00e7a se desenvolve, influenciando assim indiretamente o IMC da crian\u00e7a&#8221;, afirmou Wright.<\/p>\n<p>&#8220;N\u00e3o se trata de culpar as m\u00e3es, mas sim de apoiar as fam\u00edlias para que fa\u00e7am uma diferen\u00e7a significativa na sa\u00fade das crian\u00e7as a longo prazo&#8221;, acrescentou.<\/p>\n<p><a href=\"https:\/\/www.nature.com\/articles\/s41366-025-01792-8\" target=\"_blank\" rel=\"noreferrer nofollow noopener\"><strong>Outros estudos<\/strong><\/a> demonstraram que os pais que tinham excesso de peso ou eram obesos na altura da conce\u00e7\u00e3o t\u00eam mais probabilidades de ter filhos com obesidade.<\/p>\n<p>De acordo com os autores do estudo, os esfor\u00e7os para ajudar os pais obesos a perder peso podem ter efeitos duradouros na sa\u00fade dos seus filhos.<\/p>\n<p>&#8220;Interven\u00e7\u00f5es direcionadas para reduzir o IMC materno, particularmente durante a gravidez, podem reduzir os impactos intergeracionais da obesidade&#8221;, afirmou Wright.<\/p>\n","protected":false},"excerpt":{"rendered":"Publicado a 06\/08\/2025 &#8211; 7:47 GMT+2 PUBLICIDADE As crian\u00e7as cujos pais s\u00e3o obesos t\u00eam mais probabilidades de tamb\u00e9m&hellip;\n","protected":false},"author":2,"featured_media":17997,"comment_status":"","ping_status":"","sticky":false,"template":"","format":"standard","meta":{"footnotes":""},"categories":[86],"tags":[2217,116,1022,6706,32,33,117],"class_list":{"0":"post-17996","1":"post","2":"type-post","3":"status-publish","4":"format-standard","5":"has-post-thumbnail","7":"category-saude","8":"tag-genetica","9":"tag-health","10":"tag-obesidade","11":"tag-pesquisa-medica","12":"tag-portugal","13":"tag-pt","14":"tag-saude"},"share_on_mastodon":{"url":"","error":""},"_links":{"self":[{"href":"https:\/\/www.europesays.com\/pt\/wp-json\/wp\/v2\/posts\/17996","targetHints":{"allow":["GET"]}}],"collection":[{"href":"https:\/\/www.europesays.com\/pt\/wp-json\/wp\/v2\/posts"}],"about":[{"href":"https:\/\/www.europesays.com\/pt\/wp-json\/wp\/v2\/types\/post"}],"author":[{"embeddable":true,"href":"https:\/\/www.europesays.com\/pt\/wp-json\/wp\/v2\/users\/2"}],"replies":[{"embeddable":true,"href":"https:\/\/www.europesays.com\/pt\/wp-json\/wp\/v2\/comments?post=17996"}],"version-history":[{"count":0,"href":"https:\/\/www.europesays.com\/pt\/wp-json\/wp\/v2\/posts\/17996\/revisions"}],"wp:featuredmedia":[{"embeddable":true,"href":"https:\/\/www.europesays.com\/pt\/wp-json\/wp\/v2\/media\/17997"}],"wp:attachment":[{"href":"https:\/\/www.europesays.com\/pt\/wp-json\/wp\/v2\/media?parent=17996"}],"wp:term":[{"taxonomy":"category","embeddable":true,"href":"https:\/\/www.europesays.com\/pt\/wp-json\/wp\/v2\/categories?post=17996"},{"taxonomy":"post_tag","embeddable":true,"href":"https:\/\/www.europesays.com\/pt\/wp-json\/wp\/v2\/tags?post=17996"}],"curies":[{"name":"wp","href":"https:\/\/api.w.org\/{rel}","templated":true}]}}