{"id":179962,"date":"2025-12-08T12:43:11","date_gmt":"2025-12-08T12:43:11","guid":{"rendered":"https:\/\/www.europesays.com\/pt\/179962\/"},"modified":"2025-12-08T12:43:11","modified_gmt":"2025-12-08T12:43:11","slug":"homem-detido-apos-assalto-a-ourivesaria-no-centro-comercial-vasco-da-gama-em-lisboa-com-video","status":"publish","type":"post","link":"https:\/\/www.europesays.com\/pt\/179962\/","title":{"rendered":"Homem detido ap\u00f3s assalto a ourivesaria no centro comercial Vasco da Gama, em Lisboa (com v\u00eddeo)"},"content":{"rendered":"<p>Um homem foi detido este domingo, 7 de dezembro, ao in\u00edcio da noite, ap\u00f3s assaltar uma ourivesaria no centro comercial Vasco da Gama, no Parque das Na\u00e7\u00f5es, em Lisboa.<\/p>\n<p>O assaltante, com o rosto tapado, usou um p\u00e9 de cabra para partir montras e expositores de joias, conseguindo retirar diversas pe\u00e7as valiosas antes de tentar uma fuga que acabou impedida pelos seguran\u00e7as do centro comercial, que o imobilizaram at\u00e9 \u00e0 chegada dos agentes da Pol\u00edcia de Seguran\u00e7a P\u00fablica (PSP).<\/p>\n<p>Um dos elementos da PSP, que estava nas proximidades, procedeu \u00e0 deten\u00e7\u00e3o e conduziu o suspeito para a esquadra.<\/p>\n","protected":false},"excerpt":{"rendered":"Um homem foi detido este domingo, 7 de dezembro, ao in\u00edcio da noite, ap\u00f3s assaltar uma ourivesaria no&hellip;\n","protected":false},"author":2,"featured_media":179963,"comment_status":"","ping_status":"","sticky":false,"template":"","format":"standard","meta":{"footnotes":""},"categories":[10],"tags":[2446,27,28,36931,15,16,14,25,26,797,21,22,12,13,19,20,32,23,24,33,17,18,29,30,31],"class_list":{"0":"post-179962","1":"post","2":"type-post","3":"status-publish","4":"format-standard","5":"has-post-thumbnail","7":"category-portugal","8":"tag-assalto","9":"tag-breaking-news","10":"tag-breakingnews","11":"tag-centro-comercial-vasco-da-gama","12":"tag-featured-news","13":"tag-featurednews","14":"tag-headlines","15":"tag-latest-news","16":"tag-latestnews","17":"tag-lisboa","18":"tag-main-news","19":"tag-mainnews","20":"tag-news","21":"tag-noticias","22":"tag-noticias-principais","23":"tag-noticiasprincipais","24":"tag-portugal","25":"tag-principais-noticias","26":"tag-principaisnoticias","27":"tag-pt","28":"tag-top-stories","29":"tag-topstories","30":"tag-ultimas","31":"tag-ultimas-noticias","32":"tag-ultimasnoticias"},"share_on_mastodon":{"url":"https:\/\/pubeurope.com\/@pt\/115684009824896853","error":""},"_links":{"self":[{"href":"https:\/\/www.europesays.com\/pt\/wp-json\/wp\/v2\/posts\/179962","targetHints":{"allow":["GET"]}}],"collection":[{"href":"https:\/\/www.europesays.com\/pt\/wp-json\/wp\/v2\/posts"}],"about":[{"href":"https:\/\/www.europesays.com\/pt\/wp-json\/wp\/v2\/types\/post"}],"author":[{"embeddable":true,"href":"https:\/\/www.europesays.com\/pt\/wp-json\/wp\/v2\/users\/2"}],"replies":[{"embeddable":true,"href":"https:\/\/www.europesays.com\/pt\/wp-json\/wp\/v2\/comments?post=179962"}],"version-history":[{"count":0,"href":"https:\/\/www.europesays.com\/pt\/wp-json\/wp\/v2\/posts\/179962\/revisions"}],"wp:featuredmedia":[{"embeddable":true,"href":"https:\/\/www.europesays.com\/pt\/wp-json\/wp\/v2\/media\/179963"}],"wp:attachment":[{"href":"https:\/\/www.europesays.com\/pt\/wp-json\/wp\/v2\/media?parent=179962"}],"wp:term":[{"taxonomy":"category","embeddable":true,"href":"https:\/\/www.europesays.com\/pt\/wp-json\/wp\/v2\/categories?post=179962"},{"taxonomy":"post_tag","embeddable":true,"href":"https:\/\/www.europesays.com\/pt\/wp-json\/wp\/v2\/tags?post=179962"}],"curies":[{"name":"wp","href":"https:\/\/api.w.org\/{rel}","templated":true}]}}