{"id":179964,"date":"2025-12-08T12:45:11","date_gmt":"2025-12-08T12:45:11","guid":{"rendered":"https:\/\/www.europesays.com\/pt\/179964\/"},"modified":"2025-12-08T12:45:11","modified_gmt":"2025-12-08T12:45:11","slug":"veja-os-looks-das-celebridades-no-ela-veroes-2025","status":"publish","type":"post","link":"https:\/\/www.europesays.com\/pt\/179964\/","title":{"rendered":"veja os looks das celebridades no ELA Ver\u00f5es 2025"},"content":{"rendered":"\n<p class=\" content-text__container theme-color-primary-first-letter\" data-track-category=\"Link no Texto\" data-track-links=\"\"> O ELA Ver\u00f5es, evento promovido pela Revista ELA e realizado neste s\u00e1bado (7), no Copacabana Palace, na Zona Sul do Rio de Janeiro, <a class=\"\" href=\"https:\/\/oglobo.globo.com\/ela\/gente\/noticia\/2025\/12\/07\/ela-veroes-2025-sunset-mais-aguardado-do-ano-reune-celebridades-e-fashionistas-no-copacabana-palace.ghtml\" rel=\"nofollow noopener\" target=\"_blank\">reuniu grandes nomes da cena art\u00edstica<\/a> em uma noite marcada por estilo, identidade e leitura apurada de tend\u00eancias do ver\u00e3o 2025. Entre transpar\u00eancias, cores vibrantes, texturas e movimentos, os looks das famosas refor\u00e7aram que a esta\u00e7\u00e3o ser\u00e1 guiada pelo equil\u00edbrio entre sensualidade sofisticada, minimalismo moderno e impacto visual. <\/p>\n<ul class=\"content-unordered-list\">\n<li><strong>Confira: <\/strong><a class=\"\" href=\"https:\/\/oglobo.globo.com\/ela\/noticia\/2025\/12\/07\/bella-campos-reaproveita-look-do-proprio-armario-e-faz-manifesto-de-moda-consciente-no-ela-veroes.ghtml\" rel=\"nofollow noopener\" target=\"_blank\"><strong>Bella Campos reaproveita look do pr\u00f3prio arm\u00e1rio e faz manifesto de moda consciente no ELA Ver\u00f5es<\/strong><\/a><\/li>\n<li><a class=\"\" href=\"https:\/\/oglobo.globo.com\/ela\/noticia\/2025\/12\/07\/gabriela-lohan-avalia-quimica-com-pedro-novaes-em-tres-gracas-a-conexao-foi-muito-forte.ghtml\" rel=\"nofollow noopener\" target=\"_blank\"><strong>Gabriela Lohan avalia qu\u00edmica com Pedro Novaes em &#8216;Tr\u00eas Gra\u00e7as&#8217;<\/strong><\/a><strong>: &#8216;A conex\u00e3o foi muito forte&#8217;<\/strong><\/li>\n<\/ul>\n<p class=\" content-text__container \" data-track-category=\"Link no Texto\" data-track-links=\"\"> <strong>Gabriela Loran<\/strong> apostou no hi-lo chic com uma produ\u00e7\u00e3o que misturou eleg\u00e2ncia e frescor. A atriz surgiu com um top branco estruturado em modelagem peplum, que valoriza o colo e marca a cintura, dialogando com o retorno das silhuetas arquitet\u00f4nicas e do busti\u00ea repaginado. A pe\u00e7a foi combinada a um jeans de lavagem m\u00e9dia e corte reto, refor\u00e7ando o protagonismo do denim cl\u00e1ssico na temporada. Para arrematar, scarpin metalizado prateado, em sintonia com a tend\u00eancia do silver core, que domina acess\u00f3rios noturnos. <\/p>\n<p class=\" content-text__container \" data-track-category=\"Link no Texto\" data-track-links=\"\"> J\u00e1<strong> Sophie Charlotte<\/strong> fez do vermelho vibrante o grande protagonista de seu visual. A atriz escolheu um vestido curto de mangas estruturadas, com caimento justo e linhas limpas, refor\u00e7ando duas apostas fortes do ver\u00e3o: o monocrom\u00e1tico impactante e a est\u00e9tica do clean chic, em que a for\u00e7a do look vem da cor e da modelagem, sem excessos. As sand\u00e1lias de tiras delicadas mantiveram a leveza e alongaram a silhueta. <\/p>\n<p class=\" content-text__container \" data-track-category=\"Link no Texto\" data-track-links=\"\"> A sensualidade apareceu em sua vers\u00e3o mais refinada com <strong>Mariana Goldfarb<\/strong>, que investiu em um vestido branco midi em tela vazada, com al\u00e7as finas e decote em formato de cora\u00e7\u00e3o. A transpar\u00eancia sutil evidencia a tend\u00eancia do see through elegante, que revela a pele de forma sofisticada, fugindo do \u00f3bvio. O comprimento midi refor\u00e7a o movimento do minimalismo contempor\u00e2neo, enquanto o contraste com o salto preto cria um efeito gr\u00e1fico moderno. <\/p>\n<p class=\" content-text__container \" data-track-category=\"Link no Texto\" data-track-links=\"\"> Representando o glamour em movimento,<strong> Camila Pitanga <\/strong>surgiu com um vestido longo azul-turquesa com franjas, profundo decote e costas totalmente \u00e0 mostra. O visual dialoga com o resgate do esp\u00edrito dos anos 1920, que retorna em vers\u00f5es atualizadas atrav\u00e9s das franjas, do brilho sutil e do movimento fluido. Ao seu lado,<strong> Let\u00edcia Spiller<\/strong> apostou em um vestido de mangas longas em tule transl\u00facido com estampa abstrata, explorando o conceito de transpar\u00eancia art\u00edstica, em que o corpo vira parte da composi\u00e7\u00e3o visual. A bolsa de palha trouxe um contraponto natural e reafirmou a for\u00e7a dos acess\u00f3rios em fibras naturais no ver\u00e3o. <\/p>\n<p>     ELA Ver\u00f5es 2025: os looks das celebridades que brilharam no Copacabana Palace         <\/p>\n<p>Evento no Copacabana Palace reuniu famosos e destacou as tend\u00eancias do ver\u00e3o<\/p>\n<p class=\" content-text__container \" data-track-category=\"Link no Texto\" data-track-links=\"\"> Os looks da noite refor\u00e7aram o uso de tecidos leves, transpar\u00eancias, jogo de texturas, pe\u00e7as com movimento e cores marcantes, al\u00e9m de produ\u00e7\u00f5es que valorizam a identidade de cada convidado. As escolhas apontam caminhos para o ver\u00e3o 2025 sem abrir m\u00e3o da diversidade de estilos apresentados no evento. Veja fotos na galeria acima! <\/p>\n","protected":false},"excerpt":{"rendered":"O ELA Ver\u00f5es, evento promovido pela Revista ELA e realizado neste s\u00e1bado (7), no Copacabana Palace, na Zona&hellip;\n","protected":false},"author":2,"featured_media":179965,"comment_status":"","ping_status":"","sticky":false,"template":"","format":"standard","meta":{"footnotes":""},"categories":[145],"tags":[211,210,114,115,319,32,33,318],"class_list":{"0":"post-179964","1":"post","2":"type-post","3":"status-publish","4":"format-standard","5":"has-post-thumbnail","7":"category-celebridades","8":"tag-celebridades","9":"tag-celebrities","10":"tag-entertainment","11":"tag-entretenimento","12":"tag-hard-news","13":"tag-portugal","14":"tag-pt","15":"tag-radar"},"share_on_mastodon":{"url":"https:\/\/pubeurope.com\/@pt\/115684017641066178","error":""},"_links":{"self":[{"href":"https:\/\/www.europesays.com\/pt\/wp-json\/wp\/v2\/posts\/179964","targetHints":{"allow":["GET"]}}],"collection":[{"href":"https:\/\/www.europesays.com\/pt\/wp-json\/wp\/v2\/posts"}],"about":[{"href":"https:\/\/www.europesays.com\/pt\/wp-json\/wp\/v2\/types\/post"}],"author":[{"embeddable":true,"href":"https:\/\/www.europesays.com\/pt\/wp-json\/wp\/v2\/users\/2"}],"replies":[{"embeddable":true,"href":"https:\/\/www.europesays.com\/pt\/wp-json\/wp\/v2\/comments?post=179964"}],"version-history":[{"count":0,"href":"https:\/\/www.europesays.com\/pt\/wp-json\/wp\/v2\/posts\/179964\/revisions"}],"wp:featuredmedia":[{"embeddable":true,"href":"https:\/\/www.europesays.com\/pt\/wp-json\/wp\/v2\/media\/179965"}],"wp:attachment":[{"href":"https:\/\/www.europesays.com\/pt\/wp-json\/wp\/v2\/media?parent=179964"}],"wp:term":[{"taxonomy":"category","embeddable":true,"href":"https:\/\/www.europesays.com\/pt\/wp-json\/wp\/v2\/categories?post=179964"},{"taxonomy":"post_tag","embeddable":true,"href":"https:\/\/www.europesays.com\/pt\/wp-json\/wp\/v2\/tags?post=179964"}],"curies":[{"name":"wp","href":"https:\/\/api.w.org\/{rel}","templated":true}]}}