{"id":179975,"date":"2025-12-08T12:54:12","date_gmt":"2025-12-08T12:54:12","guid":{"rendered":"https:\/\/www.europesays.com\/pt\/179975\/"},"modified":"2025-12-08T12:54:12","modified_gmt":"2025-12-08T12:54:12","slug":"xiaomi-corrige-bug-que-fazia-o-poco-f7-reiniciar-sozinho-apos-o-hyperos-3","status":"publish","type":"post","link":"https:\/\/www.europesays.com\/pt\/179975\/","title":{"rendered":"Xiaomi corrige bug que fazia o POCO F7 reiniciar sozinho ap\u00f3s o HyperOS 3"},"content":{"rendered":"<p>Em novembro, <a class=\"tg-link-manual\" href=\"https:\/\/www.oficinadanet.com.br\/xiaomi\/65952-xiaomi-libera-hyperos-3-para-poco-f7-f7-pro\" rel=\"nofollow noopener\" target=\"_blank\">a <strong>Xiaomi <\/strong>liberou a atualiza\u00e7\u00e3o do <strong>HyperOS 3<\/strong> para o <strong>POCO F7<\/strong><\/a>. No entanto, o sistema trouxe um bug que fazia diversas unidades do aparelho reiniciar automaticamente, sem nenhum motivo. Felizmente, a <strong>Xiaomi <\/strong>analisou o problema e j\u00e1 disponibilizou uma atualiza\u00e7\u00e3o que corrige a falha, garantindo mais estabilidade ao novo software.<\/p>\n<p>HyperOS 3 causou problema de reinicializa\u00e7\u00e3o no POCO F7<\/p>\n<p>O problema de reinicializa\u00e7\u00e3o autom\u00e1tica foi causado por um conflito entre o m\u00f3dulo de comunica\u00e7\u00e3o de rede e o framework de gerenciamento de energia do <a class=\"lib tg-lib\" href=\"https:\/\/www.oficinadanet.com.br\/xiaomi\/52923-hyperos-novidades-celulares\" rel=\"nofollow noopener\" target=\"_blank\">HyperOS<\/a>. Quando o Wi-Fi ou dados m\u00f3veis era ativado, o kernel do sistema ficava inst\u00e1vel, algo que fazia o dispositivo reiniciar sozinho.<\/p>\n<p>O bug foi confirmado na vers\u00e3o &#8220;3.0.3.0.WOLMIXM&#8221; do <strong>HyperOS 3<\/strong> destinada ao <strong>POCO F7<\/strong>. Com a corre\u00e7\u00e3o, o modelo agora recebe a compila\u00e7\u00e3o &#8220;<strong>3.0.4.0.WOLMIXM<\/strong>&#8220;. Ap\u00f3s a atualiza\u00e7\u00e3o, o sistema consegue gerenciar melhor trocas r\u00e1pidas de rede, quedas de sinal e reconex\u00f5es sem causar reinicializa\u00e7\u00f5es inesperadas.<\/p>\n<p>O update est\u00e1 sendo destru\u00eddo via OTA em etapas, ent\u00e3o pode levar algum tempo para aparecer no seu aparelho. Para verificar a disponibilidade manualmente, basta acessar &#8220;<strong>Configura\u00e7\u00f5es &gt; Sobre o telefone &gt; Vers\u00e3o do HyperOS<\/strong>&#8220;.<\/p>\n<p>O que muda com o HyperOS 3?<\/p>\n<p>Vale lembrar que o <strong>HyperOS 3<\/strong> est\u00e1 sendo considerado uma das maiores atualiza\u00e7\u00f5es que a <strong>Xiaomi <\/strong>j\u00e1 fez no sistema dos seus dispositivos. \u00c9 a maior mudan\u00e7a<strong> <a class=\"tg-link-manual\" href=\"https:\/\/www.oficinadanet.com.br\/xiaomi\/49951-xiaomi-encerra-miui-anuncia-hyperos\" rel=\"nofollow noopener\" target=\"_blank\">desde que a empresa abandonou a MIUI para implementar a nova HyperOS<\/a><\/strong>, que agora chega a sua terceira vers\u00e3o.<\/p>\n<p><a class=\"tg-link-manual\" href=\"https:\/\/www.oficinadanet.com.br\/xiaomi\/65262-xiaomi-hyperos-3-cronograma-atualizacao-global\" rel=\"nofollow noopener\" target=\"_blank\"><strong>Para quem quer saber das novidades<\/strong><\/a>, a maior delas \u00e9 o <strong><a class=\"tg-link-manual\" href=\"https:\/\/www.oficinadanet.com.br\/noticias\/65235-xiaomi-libera-hyperisland-hyperos-3\" rel=\"nofollow noopener\" target=\"_blank\">novo menu r\u00e1pido chamado &#8220;Hyper Island&#8221;<\/a><\/strong>, que tem <strong><a class=\"tg-link-manual\" href=\"https:\/\/www.oficinadanet.com.br\/smartphones\/65241-ecursos-hyperos-3-copiados-do-ios-26\" rel=\"nofollow noopener\" target=\"_blank\">inspira\u00e7\u00e3o na Dynamic Island que a Apple fez para seus iPhones<\/a><\/strong>, mas al\u00e9m disso traz melhorias de desempenho e uma integra\u00e7\u00e3o ainda mais fluida entre diferentes dispositivos do ecossistema <strong>Xiaomi<\/strong>.<\/p>\n<p><a href=\"https:\/\/xiaomitime.com\/xiaomi-fixes-auto-restart-bug-for-some-hyperos-users-79148\/\" class=\"tg-link-manual\" rel=\"nofollow  noopener\" target=\"_blank\">Via<\/a><\/p>\n","protected":false},"excerpt":{"rendered":"Em novembro, a Xiaomi liberou a atualiza\u00e7\u00e3o do HyperOS 3 para o POCO F7. No entanto, o sistema&hellip;\n","protected":false},"author":2,"featured_media":179976,"comment_status":"","ping_status":"","sticky":false,"template":"","format":"standard","meta":{"footnotes":""},"categories":[84],"tags":[109,107,108,4359,13,29565,32,33,105,103,104,954,106,110,360],"class_list":{"0":"post-179975","1":"post","2":"type-post","3":"status-publish","4":"format-standard","5":"has-post-thumbnail","7":"category-ciencia-e-tecnologia","8":"tag-ciencia","9":"tag-ciencia-e-tecnologia","10":"tag-cienciaetecnologia","11":"tag-hyperos-3","12":"tag-noticias","13":"tag-poco-f7","14":"tag-portugal","15":"tag-pt","16":"tag-science","17":"tag-science-and-technology","18":"tag-scienceandtechnology","19":"tag-smartphones","20":"tag-technology","21":"tag-tecnologia","22":"tag-xiaomi"},"share_on_mastodon":{"url":"https:\/\/pubeurope.com\/@pt\/115684052998407973","error":""},"_links":{"self":[{"href":"https:\/\/www.europesays.com\/pt\/wp-json\/wp\/v2\/posts\/179975","targetHints":{"allow":["GET"]}}],"collection":[{"href":"https:\/\/www.europesays.com\/pt\/wp-json\/wp\/v2\/posts"}],"about":[{"href":"https:\/\/www.europesays.com\/pt\/wp-json\/wp\/v2\/types\/post"}],"author":[{"embeddable":true,"href":"https:\/\/www.europesays.com\/pt\/wp-json\/wp\/v2\/users\/2"}],"replies":[{"embeddable":true,"href":"https:\/\/www.europesays.com\/pt\/wp-json\/wp\/v2\/comments?post=179975"}],"version-history":[{"count":0,"href":"https:\/\/www.europesays.com\/pt\/wp-json\/wp\/v2\/posts\/179975\/revisions"}],"wp:featuredmedia":[{"embeddable":true,"href":"https:\/\/www.europesays.com\/pt\/wp-json\/wp\/v2\/media\/179976"}],"wp:attachment":[{"href":"https:\/\/www.europesays.com\/pt\/wp-json\/wp\/v2\/media?parent=179975"}],"wp:term":[{"taxonomy":"category","embeddable":true,"href":"https:\/\/www.europesays.com\/pt\/wp-json\/wp\/v2\/categories?post=179975"},{"taxonomy":"post_tag","embeddable":true,"href":"https:\/\/www.europesays.com\/pt\/wp-json\/wp\/v2\/tags?post=179975"}],"curies":[{"name":"wp","href":"https:\/\/api.w.org\/{rel}","templated":true}]}}