{"id":179977,"date":"2025-12-08T12:57:14","date_gmt":"2025-12-08T12:57:14","guid":{"rendered":"https:\/\/www.europesays.com\/pt\/179977\/"},"modified":"2025-12-08T12:57:14","modified_gmt":"2025-12-08T12:57:14","slug":"tribunal-constitucional-decide-esta-semana-sobre-a-lei-da-nacionalidade","status":"publish","type":"post","link":"https:\/\/www.europesays.com\/pt\/179977\/","title":{"rendered":"Tribunal Constitucional decide esta semana sobre a Lei da Nacionalidade"},"content":{"rendered":"<p>Dever\u00e3o ser conhecidas esta semana as an\u00e1lises do Tribunal Constitucional (TC) <strong><a aria-label=\"content\" target=\"_blank\" href=\"https:\/\/www.dn.pt\/pol%C3%ADtica\/hoje-portugal-fica-mais-portugal-nova-lei-da-nacionalidade-aprovada-no-parlamento\" rel=\"nofollow noopener\">sobre a nova Lei da Nacionalidade<\/a><\/strong>, aprovada recentemente no Parlamento com votos \u00e0 direita. Pelo prazo legal, os ju\u00edzes t\u00eam at\u00e9 ao dia 14 de dezembro para emitir o parecer \u2013 s\u00e3o 25 dias corridos a partir do envio ao Pal\u00e1cio Ratton. <strong>O DN sabe que a primeira sess\u00e3o de julgamento teve lugar na passada quinta-feira, 4 de dezembro.<\/strong><\/p>\n<p>Foi <strong><a aria-label=\"content\" target=\"_blank\" href=\"https:\/\/www.dn.pt\/sociedade\/requerimentos-do-ps-para-anlise-da-lei-da-nacional-j-esto-no-tribunal-constitucional\" rel=\"nofollow noopener\">a 19 de novembro que a bancada do Partido Socialista (PS) apresentou os pedidos de fiscaliza\u00e7\u00e3o preventiva da constitucionalidade<\/a><\/strong>. O partido liderado por Jos\u00e9 Lu\u00eds Carneiro <strong>enviou duas solicita\u00e7\u00f5es distintas<\/strong> ao Pal\u00e1cio Ratton.<\/p>\n<p>O requerimento relativo <strong>\u00e0 perda da nacionalidade ficou a cargo da ju\u00edza Dora Neto<\/strong>. J\u00e1 o diploma que <strong>concentra as altera\u00e7\u00f5es mais profundas ser\u00e1 analisado pelo vice-presidente do TC, Jo\u00e3o Carlos Loureiro<\/strong>.<\/p>\n<p>No total, <strong>23 p\u00e1ginas exp\u00f5em os fundamentos jur\u00eddicos que levam o PS a considerar que a nova legisla\u00e7\u00e3o viola princ\u00edpios consagrados na Constitui\u00e7\u00e3o da Rep\u00fablica Portuguesa<\/strong>. Entre as normas que ser\u00e3o analisadas, est\u00e3o as novas regras sobre a naturaliza\u00e7\u00e3o de ap\u00e1tridas,\u00a0a cl\u00e1usula que permite a oposi\u00e7\u00e3o \u00e0 nacionalidade com base em comportamentos que revelem rejei\u00e7\u00e3o da comunidade nacional, a inexist\u00eancia de um regime transit\u00f3rio, entre outros. <strong><a aria-label=\"content\" target=\"_blank\" href=\"https:\/\/www.dn.pt\/sociedade\/requerimentos-do-ps-para-anlise-da-lei-da-nacional-j-esto-no-tribunal-constitucional\" rel=\"nofollow noopener\">Leia aqui todas as normas<\/a><\/strong>.<\/p>\n<p>Esta \u00e9 a segunda vez que os ju\u00edzes do Pal\u00e1cio Ratton s\u00e3o chamados a analisar leis relacionadas com a imigra\u00e7\u00e3o. Em agosto, em pleno per\u00edodo de f\u00e9rias, <strong><a aria-label=\"content\" target=\"_blank\" href=\"https:\/\/www.dn.pt\/pol%C3%ADtica\/marcelo-envia-para-o-tc-a-lei-de-estrangeiros-e-pede-resposta-em-15-dias\" rel=\"nofollow noopener\">o coletivo teve apenas 15 dias para decidir sobre a Lei dos Estrangeiros<\/a><\/strong>, cuja relatoria esteve a cargo da ju\u00edza Joana Maria Rebelo Fernandes Costa. O pedido foi realizado pelo Presidente Marcelo Rebelo de Souza e teve <strong><a aria-label=\"content\" target=\"_blank\" href=\"https:\/\/www.dn.pt\/sociedade\/tc-declara-que-mudan%C3%A7as-na-lei-da-imigra%C3%A7%C3%A3o-n%C3%A3o-est%C3%A3o-de-acordo-com-a-constitui%C3%A7%C3%A3o\" rel=\"nofollow noopener\">como resultado o chumbo da lei como estava escrita<\/a><\/strong>.<\/p>\n<p>O ac\u00f3rd\u00e3o gerou pol\u00e9mica, <strong><a aria-label=\"content\" target=\"_blank\" href=\"https:\/\/www.dn.pt\/pol%C3%ADtica\/lei-de-estrangeiros-vice-presidente-do-tc-sugere-que-decis%C3%A3o-baseou-se-em-convic%C3%A7%C3%B5es-pessoais\" rel=\"nofollow noopener\">tendo o ent\u00e3o juiz Gon\u00e7alo Almeida Ribeiro afirmado, numa declara\u00e7\u00e3o de voto, que a decis\u00e3o de chumbar a legisla\u00e7\u00e3o se baseara em convic\u00e7\u00f5es pessoais.<\/a><\/strong> Al\u00e9m disso, o antigo vice-presidente do TC considerou que as medidas propostas eram <strong>\u201cperfeitamente razo\u00e1veis\u201d. <\/strong><\/p>\n<p>Em setembro, <strong><a aria-label=\"content\" target=\"_blank\" href=\"https:\/\/www.dn.pt\/sociedade\/vice-presidente-do-tribunal-constitucional-gon%C3%A7alo-almeida-ribeiro-renuncia-ao-cargo\" rel=\"nofollow noopener\">Almeida Ribeiro renunciou ao cargo<\/a><\/strong>, por j\u00e1 ter cumprido o tempo necess\u00e1rio de mandato ainda em agosto. O gesto foi um protesto pelo atraso na indica\u00e7\u00e3o de um novo nome para o TC. O mesmo ocorreu com <strong>Jos\u00e9 Ant\u00f3nio Pires Teles Pereira<\/strong>, que, poucos dias depois, <strong><a aria-label=\"content\" target=\"_blank\" href=\"https:\/\/www.dn.pt\/sociedade\/teles-pereira-renuncia-ao-cargo-de-juiz-do-tribunal-constitucional-o-segundo-no-espao-de-uma-semana\" rel=\"nofollow noopener\">renunciou pela mesma raz\u00e3o<\/a><\/strong>.<\/p>\n<p>A relatora do projeto da Lei dos Estrangeiros, Joana Maria Rebelo Fernandes Costa, tamb\u00e9m j\u00e1 cumpriu o tempo de mandato, <strong>mas continua a trabalhar<\/strong>. <strong>Atualmente, s\u00e3o nove os ju\u00edzes no coletivo, quando deveriam ser 11.<\/strong><\/p>\n<p>O assunto continua fora da agenda do Governo, <strong><a aria-label=\"content\" target=\"_blank\" href=\"https:\/\/www.dn.pt\/pol%C3%ADtica\/com-trs-juzes-em-mandato-ultrapassado-psd-evita-falar-em-nomeaes-para-o-tc\" rel=\"nofollow noopener\">que n\u00e3o se pronuncia sobre a mat\u00e9ria<\/a>.<\/strong> Atualmente, o TC tem como presidente o juiz Jos\u00e9 Jo\u00e3o Abrantes.<\/p>\n<p>amanda.lima@dn.pt<\/p>\n","protected":false},"excerpt":{"rendered":"Dever\u00e3o ser conhecidas esta semana as an\u00e1lises do Tribunal Constitucional (TC) sobre a nova Lei da Nacionalidade, aprovada&hellip;\n","protected":false},"author":2,"featured_media":179978,"comment_status":"","ping_status":"","sticky":false,"template":"","format":"standard","meta":{"footnotes":""},"categories":[10],"tags":[2843,27,28,15,16,14,25,26,1765,21,22,15581,12,13,19,20,32,23,24,33,17,18,298,29,30,31],"class_list":{"0":"post-179977","1":"post","2":"type-post","3":"status-publish","4":"format-standard","5":"has-post-thumbnail","7":"category-portugal","8":"tag-brasileiros-em-portugal","9":"tag-breaking-news","10":"tag-breakingnews","11":"tag-featured-news","12":"tag-featurednews","13":"tag-headlines","14":"tag-latest-news","15":"tag-latestnews","16":"tag-lei-da-nacionalidade","17":"tag-main-news","18":"tag-mainnews","19":"tag-nacionalidade-portuguesa","20":"tag-news","21":"tag-noticias","22":"tag-noticias-principais","23":"tag-noticiasprincipais","24":"tag-portugal","25":"tag-principais-noticias","26":"tag-principaisnoticias","27":"tag-pt","28":"tag-top-stories","29":"tag-topstories","30":"tag-tribunal-constitucional","31":"tag-ultimas","32":"tag-ultimas-noticias","33":"tag-ultimasnoticias"},"share_on_mastodon":{"url":"https:\/\/pubeurope.com\/@pt\/115684065291389044","error":""},"_links":{"self":[{"href":"https:\/\/www.europesays.com\/pt\/wp-json\/wp\/v2\/posts\/179977","targetHints":{"allow":["GET"]}}],"collection":[{"href":"https:\/\/www.europesays.com\/pt\/wp-json\/wp\/v2\/posts"}],"about":[{"href":"https:\/\/www.europesays.com\/pt\/wp-json\/wp\/v2\/types\/post"}],"author":[{"embeddable":true,"href":"https:\/\/www.europesays.com\/pt\/wp-json\/wp\/v2\/users\/2"}],"replies":[{"embeddable":true,"href":"https:\/\/www.europesays.com\/pt\/wp-json\/wp\/v2\/comments?post=179977"}],"version-history":[{"count":0,"href":"https:\/\/www.europesays.com\/pt\/wp-json\/wp\/v2\/posts\/179977\/revisions"}],"wp:featuredmedia":[{"embeddable":true,"href":"https:\/\/www.europesays.com\/pt\/wp-json\/wp\/v2\/media\/179978"}],"wp:attachment":[{"href":"https:\/\/www.europesays.com\/pt\/wp-json\/wp\/v2\/media?parent=179977"}],"wp:term":[{"taxonomy":"category","embeddable":true,"href":"https:\/\/www.europesays.com\/pt\/wp-json\/wp\/v2\/categories?post=179977"},{"taxonomy":"post_tag","embeddable":true,"href":"https:\/\/www.europesays.com\/pt\/wp-json\/wp\/v2\/tags?post=179977"}],"curies":[{"name":"wp","href":"https:\/\/api.w.org\/{rel}","templated":true}]}}