{"id":180012,"date":"2025-12-08T13:28:27","date_gmt":"2025-12-08T13:28:27","guid":{"rendered":"https:\/\/www.europesays.com\/pt\/180012\/"},"modified":"2025-12-08T13:28:27","modified_gmt":"2025-12-08T13:28:27","slug":"trancoso-em-choque-com-morte-de-jovens-portugueses-suspende-festas-de-natal","status":"publish","type":"post","link":"https:\/\/www.europesays.com\/pt\/180012\/","title":{"rendered":"Trancoso em choque com morte de jovens portugueses suspende festas de Natal"},"content":{"rendered":"<p data-remotead-prev-elm=\"true\" data-remotead-elm-id=\"inread\">Os dois casais morreram, na passada sexta-feira, num despiste seguido embate numa rotunda em Collonges, munic\u00edpio franc\u00eas pr\u00f3ximo da fronteira da Su\u00ed\u00e7a. O carro incendiou-se e os jovens Gon\u00e7alo e Julien n\u00e3o conseguiram escapar. Na rotunda onde aconteceu o acidente em Fran\u00e7a, foram colocadas, ontem, flores e uma vela em mem\u00f3ria das v\u00edtimas. Em Portugal, o pesar e a como\u00e7\u00e3o pela tr\u00e1gica morte alastrou-se \u00e0s redes sociais, onde se multiplicam as mensagens de condol\u00eancias.<\/p>\n<p>Missa de homenagem<\/p>\n<p>Al\u00e9m do presidente da Rep\u00fablica e da C\u00e2mara de Trancoso, tamb\u00e9m a Uni\u00e3o de Freguesias de Trancoso e Souto e a Junta de Freguesia de Tamanhos expressaram as &#8220;sentidas condol\u00eancias \u00e0s fam\u00edlias e amigos dos jovens tragicamente falecidos&#8221;.<\/p>\n<p>&#8220;Este momento deixa-nos profundamente abalados e unidos na dor. \u00c0s fam\u00edlias e amigos, enviamos a nossa solidariedade e for\u00e7a para enfrentar esta perda irrepar\u00e1vel. Que as suas almas descansem em paz. Gon\u00e7alo, ser\u00e1s para sempre recordado. A tua partida deixa um vazio imposs\u00edvel de preencher, mas a tua lembran\u00e7a viver\u00e1 para sempre no cora\u00e7\u00e3o de todos aqueles que te conheceram&#8221;, escreveu a Junta de Freguesia de Tamanhos no Facebook.<\/p>\n<p>Em mem\u00f3ria das v\u00edtimas, vai celebrar-se uma missa na Tour-de-Tr\u00eame, em Bulle. A eucaristia realizar-se-\u00e1 \u00e0s 11.15 horas de domingo, dia 14. &#8220;A missa est\u00e1 aberta a todos os que queiram associar-se a este momento de recolhimento e homenagem&#8221;, pode ler-se no grupo do Facebook, Trancoso de Todos.<\/p>\n","protected":false},"excerpt":{"rendered":"Os dois casais morreram, na passada sexta-feira, num despiste seguido embate numa rotunda em Collonges, munic\u00edpio franc\u00eas pr\u00f3ximo&hellip;\n","protected":false},"author":2,"featured_media":180013,"comment_status":"","ping_status":"","sticky":false,"template":"","format":"standard","meta":{"footnotes":""},"categories":[10],"tags":[32643,27,28,36938,11206,15,16,208,14,25,26,21,22,12,13,19,20,32,23,24,33,5697,17,18,29,30,31],"class_list":{"0":"post-180012","1":"post","2":"type-post","3":"status-publish","4":"format-standard","5":"has-post-thumbnail","7":"category-portugal","8":"tag-acidente-de-viacao","9":"tag-breaking-news","10":"tag-breakingnews","11":"tag-concelho-trancoso","12":"tag-emigrantes","13":"tag-featured-news","14":"tag-featurednews","15":"tag-franca","16":"tag-headlines","17":"tag-latest-news","18":"tag-latestnews","19":"tag-main-news","20":"tag-mainnews","21":"tag-news","22":"tag-noticias","23":"tag-noticias-principais","24":"tag-noticiasprincipais","25":"tag-portugal","26":"tag-principais-noticias","27":"tag-principaisnoticias","28":"tag-pt","29":"tag-suica","30":"tag-top-stories","31":"tag-topstories","32":"tag-ultimas","33":"tag-ultimas-noticias","34":"tag-ultimasnoticias"},"share_on_mastodon":{"url":"https:\/\/pubeurope.com\/@pt\/115684186883541439","error":""},"_links":{"self":[{"href":"https:\/\/www.europesays.com\/pt\/wp-json\/wp\/v2\/posts\/180012","targetHints":{"allow":["GET"]}}],"collection":[{"href":"https:\/\/www.europesays.com\/pt\/wp-json\/wp\/v2\/posts"}],"about":[{"href":"https:\/\/www.europesays.com\/pt\/wp-json\/wp\/v2\/types\/post"}],"author":[{"embeddable":true,"href":"https:\/\/www.europesays.com\/pt\/wp-json\/wp\/v2\/users\/2"}],"replies":[{"embeddable":true,"href":"https:\/\/www.europesays.com\/pt\/wp-json\/wp\/v2\/comments?post=180012"}],"version-history":[{"count":0,"href":"https:\/\/www.europesays.com\/pt\/wp-json\/wp\/v2\/posts\/180012\/revisions"}],"wp:featuredmedia":[{"embeddable":true,"href":"https:\/\/www.europesays.com\/pt\/wp-json\/wp\/v2\/media\/180013"}],"wp:attachment":[{"href":"https:\/\/www.europesays.com\/pt\/wp-json\/wp\/v2\/media?parent=180012"}],"wp:term":[{"taxonomy":"category","embeddable":true,"href":"https:\/\/www.europesays.com\/pt\/wp-json\/wp\/v2\/categories?post=180012"},{"taxonomy":"post_tag","embeddable":true,"href":"https:\/\/www.europesays.com\/pt\/wp-json\/wp\/v2\/tags?post=180012"}],"curies":[{"name":"wp","href":"https:\/\/api.w.org\/{rel}","templated":true}]}}