{"id":180014,"date":"2025-12-08T13:29:18","date_gmt":"2025-12-08T13:29:18","guid":{"rendered":"https:\/\/www.europesays.com\/pt\/180014\/"},"modified":"2025-12-08T13:29:18","modified_gmt":"2025-12-08T13:29:18","slug":"revista-the-economist-escolhe-portugal-como-a-economia-do-ano-2","status":"publish","type":"post","link":"https:\/\/www.europesays.com\/pt\/180014\/","title":{"rendered":"Revista &#8216;The Economist&#8217; escolhe Portugal como a &#8220;economia do ano&#8221;"},"content":{"rendered":"<p>\t                Em causa est\u00e1 o turismo, numa altura em que, escreve a revista, \u201cmuitos estrangeiros ricos est\u00e3o a mudar-se para o pa\u00eds para aproveitar as baixas taxas de impostos\u201d<\/p>\n<p>Portugal \u00e9 a \u201ceconomia do ano\u201d de 2025 para a revista brit\u00e2nica &#8220;The Economist&#8221;, que compilou dados econ\u00f3micos dos 36 pa\u00edses mais ricos do mundo, enquanto Espanha, que tinha ganhado no ano passado, cai para a quarta posi\u00e7\u00e3o.<\/p>\n<p>Pelo quinto ano consecutivo, <a href=\"https:\/\/www.economist.com\/finance-and-economics\/2025\/12\/07\/which-economy-did-best-in-2025\" target=\"_blank\" rel=\"nofollow noopener\">a revista \u201cThe Economist\u201d elaborou um &#8216;ranking&#8217;<\/a> dos 36 pa\u00edses mais ricos do mundo para encontrar a economia com melhor desempenho.<\/p>\n<p>Este ano, Portugal aparece na primeira posi\u00e7\u00e3o, destronando Espanha, a vencedora do ano passado, e que em 2025 est\u00e1 com a mesma pontua\u00e7\u00e3o da Col\u00f4mbia.<\/p>\n<p>Para elaborar esta lista, a revista compilou dados de cinco indicadores econ\u00f3micos \u2013 infla\u00e7\u00e3o, o desvio da infla\u00e7\u00e3o, o Produto Interno Bruto (PIB), o emprego e o desempenho da bolsa de valores.<\/p>\n<p>\u201cEm 2025, [Portugal] conseguiu combinar um forte crescimento do PIB, baixa infla\u00e7\u00e3o e um mercado de a\u00e7\u00f5es em alta\u201d, escreve a revista.<\/p>\n<p>A puxar pelo PIB e pelo emprego em Portugal, segundo a \u201cThe Economist\u201d, est\u00e1 o turismo, numa altura em que \u201cmuitos estrangeiros ricos est\u00e3o a mudar-se para o pa\u00eds para aproveitar as baixas taxas de impostos\u201d.<\/p>\n<p>Em segundo lugar nesta classifica\u00e7\u00e3o aparece a Irlanda, seguida de Israel.<\/p>\n<p>Nas piores posi\u00e7\u00f5es, aparecem sobretudo economias mais a norte da Europa: Est\u00f3nia, Finl\u00e2ndia e Eslov\u00e1quia s\u00e3o as \u00faltimas nesta compila\u00e7\u00e3o de indicadores.<\/p>\n<p>Numa publica\u00e7\u00e3o na rede X, o primeiro-ministro, Lu\u00eds Montenegro, afirmou que \u201ca distin\u00e7\u00e3o pela revista \u2018The Economist\u2019 de que a \u2018economia do ano\u2019 foi a portuguesa \u00e9 uma justa aclama\u00e7\u00e3o do m\u00e9rito e do trabalho dos portugueses e refor\u00e7a a motiva\u00e7\u00e3o do Governo em seguir o rumo que nos trouxe at\u00e9 aqui nos \u00faltimos meses\u201d.<\/p>\n<p>\u201c\u00c9 a reformar com coragem e a tornar o pa\u00eds mais competitivo e produtivo que vamos continuar a criar emprego, a aumentar os sal\u00e1rios e a refor\u00e7ar o Estado social. Assim daremos mais bem-estar e mais futuro aos portugueses\u201d, escreveu ainda o primeiro-ministro.<\/p>\n<p>As previs\u00f5es do Governo apontam para um crescimento da economia este ano de 2% e de 2,3% no pr\u00f3ximo.<\/p>\n","protected":false},"excerpt":{"rendered":"Em causa est\u00e1 o turismo, numa altura em que, escreve a revista, \u201cmuitos estrangeiros ricos est\u00e3o a mudar-se&hellip;\n","protected":false},"author":2,"featured_media":180015,"comment_status":"","ping_status":"","sticky":false,"template":"","format":"standard","meta":{"footnotes":""},"categories":[8],"tags":[609,836,611,27,28,607,608,333,832,604,135,610,476,15,16,301,830,14,603,25,26,570,21,22,831,833,62,834,12,13,19,20,835,602,52,32,36939,23,24,33,36924,17,18,29,30,31],"class_list":{"0":"post-180014","1":"post","2":"type-post","3":"status-publish","4":"format-standard","5":"has-post-thumbnail","7":"category-principais-noticias","8":"tag-alerta","9":"tag-analise","10":"tag-ao-minuto","11":"tag-breaking-news","12":"tag-breakingnews","13":"tag-cnn","14":"tag-cnn-portugal","15":"tag-comentadores","16":"tag-costa","17":"tag-crime","18":"tag-desporto","19":"tag-direto","20":"tag-economia","21":"tag-featured-news","22":"tag-featurednews","23":"tag-governo","24":"tag-guerra","25":"tag-headlines","26":"tag-justica","27":"tag-latest-news","28":"tag-latestnews","29":"tag-live","30":"tag-main-news","31":"tag-mainnews","32":"tag-mais-vistas","33":"tag-marcelo","34":"tag-mundo","35":"tag-negocios","36":"tag-news","37":"tag-noticias","38":"tag-noticias-principais","39":"tag-noticiasprincipais","40":"tag-opiniao","41":"tag-pais","42":"tag-politica","43":"tag-portugal","44":"tag-portugal-economia-do-ano","45":"tag-principais-noticias","46":"tag-principaisnoticias","47":"tag-pt","48":"tag-the-economist","49":"tag-top-stories","50":"tag-topstories","51":"tag-ultimas","52":"tag-ultimas-noticias","53":"tag-ultimasnoticias"},"share_on_mastodon":{"url":"","error":"Validation failed: Text character limit of 500 exceeded"},"_links":{"self":[{"href":"https:\/\/www.europesays.com\/pt\/wp-json\/wp\/v2\/posts\/180014","targetHints":{"allow":["GET"]}}],"collection":[{"href":"https:\/\/www.europesays.com\/pt\/wp-json\/wp\/v2\/posts"}],"about":[{"href":"https:\/\/www.europesays.com\/pt\/wp-json\/wp\/v2\/types\/post"}],"author":[{"embeddable":true,"href":"https:\/\/www.europesays.com\/pt\/wp-json\/wp\/v2\/users\/2"}],"replies":[{"embeddable":true,"href":"https:\/\/www.europesays.com\/pt\/wp-json\/wp\/v2\/comments?post=180014"}],"version-history":[{"count":0,"href":"https:\/\/www.europesays.com\/pt\/wp-json\/wp\/v2\/posts\/180014\/revisions"}],"wp:featuredmedia":[{"embeddable":true,"href":"https:\/\/www.europesays.com\/pt\/wp-json\/wp\/v2\/media\/180015"}],"wp:attachment":[{"href":"https:\/\/www.europesays.com\/pt\/wp-json\/wp\/v2\/media?parent=180014"}],"wp:term":[{"taxonomy":"category","embeddable":true,"href":"https:\/\/www.europesays.com\/pt\/wp-json\/wp\/v2\/categories?post=180014"},{"taxonomy":"post_tag","embeddable":true,"href":"https:\/\/www.europesays.com\/pt\/wp-json\/wp\/v2\/tags?post=180014"}],"curies":[{"name":"wp","href":"https:\/\/api.w.org\/{rel}","templated":true}]}}