{"id":180022,"date":"2025-12-08T13:37:18","date_gmt":"2025-12-08T13:37:18","guid":{"rendered":"https:\/\/www.europesays.com\/pt\/180022\/"},"modified":"2025-12-08T13:37:18","modified_gmt":"2025-12-08T13:37:18","slug":"estoril-praia-e-moreirense-empatam-a-3-para-a-primeira-liga","status":"publish","type":"post","link":"https:\/\/www.europesays.com\/pt\/180022\/","title":{"rendered":"Estoril Praia e Moreirense empatam a 3 para a Primeira Liga"},"content":{"rendered":"<p>&#8211; Advertisement &#8211;<\/p>\n<p><strong>O Estoril Praia recebeu e o Moreirense empataram a tr\u00eas bolas durante este domingo, em jogo da 13.\u00aa jornada da Primeira Liga.<\/strong><\/p>\n<p>O Estoril Praia empatou com o Moreirense num encontro recheado de golos, que terminou com um 3-3. O jogo era v\u00e1lido pela 13.\u00aa jornada da <a href=\"https:\/\/bolanarede.pt\/etiqueta\/primeira-liga\/\" target=\"_blank\" rel=\"noreferrer noopener nofollow\">Primeira Liga<\/a>. Diogo Travassos (emprestado pelo Sporting) abriu o marcador, aos 2\u2032, com Patrick de Paula a estabelecer o empate pouco depois, aos 19\u2032. <\/p>\n<p>Ricard S\u00e1nchez completou a reviravolta no marcador, aos 54\u2032. Yanis Begraoui aumentou a vantagem, aos 58\u2032. Afonso Assis reduziu o resultado, aos 62\u2032. Luis Semedo finalizoua  recupera\u00e7\u00e3o, j\u00e1 aos 90+2\u2032. Alanzinho foi amarelado e vai falhar a partida contra o Benfica<\/p>\n<p>Com este empate, a equipa de Ian Cathro passa a somar 14 pontos e sobe ao 11.\u00ba lugar. J\u00e1 a forma\u00e7\u00e3o de Vasco Botelho da Costa est\u00e1 com 19 pontos, na s\u00e9tima posi\u00e7\u00e3o. <\/p>\n","protected":false},"excerpt":{"rendered":"&#8211; Advertisement &#8211; O Estoril Praia recebeu e o Moreirense empataram a tr\u00eas bolas durante este domingo, em&hellip;\n","protected":false},"author":2,"featured_media":180023,"comment_status":"","ping_status":"","sticky":false,"template":"","format":"standard","meta":{"footnotes":""},"categories":[87],"tags":[260,135,9173,8343,32,479,33,134],"class_list":{"0":"post-180022","1":"post","2":"type-post","3":"status-publish","4":"format-standard","5":"has-post-thumbnail","7":"category-desporto","8":"tag-atualidade","9":"tag-desporto","10":"tag-estoril-praia","11":"tag-moreirense","12":"tag-portugal","13":"tag-primeira-liga","14":"tag-pt","15":"tag-sports"},"share_on_mastodon":{"url":"https:\/\/pubeurope.com\/@pt\/115684222261888011","error":""},"_links":{"self":[{"href":"https:\/\/www.europesays.com\/pt\/wp-json\/wp\/v2\/posts\/180022","targetHints":{"allow":["GET"]}}],"collection":[{"href":"https:\/\/www.europesays.com\/pt\/wp-json\/wp\/v2\/posts"}],"about":[{"href":"https:\/\/www.europesays.com\/pt\/wp-json\/wp\/v2\/types\/post"}],"author":[{"embeddable":true,"href":"https:\/\/www.europesays.com\/pt\/wp-json\/wp\/v2\/users\/2"}],"replies":[{"embeddable":true,"href":"https:\/\/www.europesays.com\/pt\/wp-json\/wp\/v2\/comments?post=180022"}],"version-history":[{"count":0,"href":"https:\/\/www.europesays.com\/pt\/wp-json\/wp\/v2\/posts\/180022\/revisions"}],"wp:featuredmedia":[{"embeddable":true,"href":"https:\/\/www.europesays.com\/pt\/wp-json\/wp\/v2\/media\/180023"}],"wp:attachment":[{"href":"https:\/\/www.europesays.com\/pt\/wp-json\/wp\/v2\/media?parent=180022"}],"wp:term":[{"taxonomy":"category","embeddable":true,"href":"https:\/\/www.europesays.com\/pt\/wp-json\/wp\/v2\/categories?post=180022"},{"taxonomy":"post_tag","embeddable":true,"href":"https:\/\/www.europesays.com\/pt\/wp-json\/wp\/v2\/tags?post=180022"}],"curies":[{"name":"wp","href":"https:\/\/api.w.org\/{rel}","templated":true}]}}