{"id":180028,"date":"2025-12-08T13:43:12","date_gmt":"2025-12-08T13:43:12","guid":{"rendered":"https:\/\/www.europesays.com\/pt\/180028\/"},"modified":"2025-12-08T13:43:12","modified_gmt":"2025-12-08T13:43:12","slug":"sabe-o-que-e-liberdade-financeira-uma-estrategia-que-qualquer-pessoa-pode-comecar-ja-hoje","status":"publish","type":"post","link":"https:\/\/www.europesays.com\/pt\/180028\/","title":{"rendered":"Sabe o que \u00e9 \u201cliberdade financeira\u201d? Uma estrat\u00e9gia que qualquer pessoa pode come\u00e7ar, j\u00e1 hoje"},"content":{"rendered":"<p>Para muitos portugueses, viver o dia a dia sem pensar em dinheiro \u00e9 praticamente um sonho inating\u00edvel. Pagar as contas mensais j\u00e1 \u00e9 uma grande vit\u00f3ria. Mesmo que o que lhe vou explicar neste epis\u00f3dio seja imposs\u00edvel para si, os princ\u00edpios e os resultados que conseguir atingir com o seu sal\u00e1rio (seja ele qual for), j\u00e1 ser\u00e1 um enorme avan\u00e7o na sua vida financeira.<\/p>\n<p>Neste epis\u00f3dio explico, de forma simples e pr\u00e1tica, o que realmente significa ter liberdade financeira e como \u00e9 poss\u00edvel construir esse caminho em Portugal, mesmo com um sal\u00e1rio relativamente normal. N\u00e3o h\u00e1 f\u00f3rmulas m\u00e1gicas. H\u00e1 escolhas, prioridades e uma estrat\u00e9gia que qualquer pessoa pode come\u00e7ar a aplicar hoje. Falamos dos erros mais comuns, dos passos que fazem a diferen\u00e7a e das decis\u00f5es que ao longo dos anos t\u00eam permitido a muitas fam\u00edlias ganhar tempo, tranquilidade e margem de manobra nas suas vidas. Se procura um plano claro e realista para come\u00e7ar a conquistar estabilidade e autonomia financeira, este epis\u00f3dio \u00e9 para si. N\u00e3o \u00e9 sobre ser milion\u00e1rio. \u00c9 sobre ter uma vida mais calma.<\/p>\n<p>Boas poupan\u00e7as!<\/p>\n<p><strong>ENVIE A SUA PERGUNTA EM \u00c1UDIO (gravada) PELO WHATSAPP 927753737<\/strong><\/p>\n<p>\t\t<img decoding=\"async\" src=\"https:\/\/www.europesays.com\/pt\/wp-content\/uploads\/2025\/12\/1765201392_518_thumbs.web.sapo.io\"  alt=\"Como poupar nas f\u00e9rias- Dicas pr\u00e1ticas\" loading=\"true\"\/><\/p>\n<p>                        Expresso<\/p>\n<p> Contas-poupan\u00e7a \u00e9 um podcast de Pedro Andersson, jornalista especializado em Finan\u00e7as Pessoais, que aproveita as suas viagens de carro para falar sobre dinheiro. Todas as segundas-feiras e quartas-feiras \u00e0s 7h, uma nova boleia para come\u00e7ar bem a sua semana financeira. Dispon\u00edvel em todas as aplica\u00e7\u00f5es de podcast e nos sites da SIC Not\u00edcias e Expresso. <\/p>\n","protected":false},"excerpt":{"rendered":"Para muitos portugueses, viver o dia a dia sem pensar em dinheiro \u00e9 praticamente um sonho inating\u00edvel. Pagar&hellip;\n","protected":false},"author":2,"featured_media":180029,"comment_status":"","ping_status":"","sticky":false,"template":"","format":"standard","meta":{"footnotes":""},"categories":[10],"tags":[27,28,15,16,14,25,26,21,22,12,13,19,20,32,23,24,33,17,18,29,30,31],"class_list":{"0":"post-180028","1":"post","2":"type-post","3":"status-publish","4":"format-standard","5":"has-post-thumbnail","7":"category-portugal","8":"tag-breaking-news","9":"tag-breakingnews","10":"tag-featured-news","11":"tag-featurednews","12":"tag-headlines","13":"tag-latest-news","14":"tag-latestnews","15":"tag-main-news","16":"tag-mainnews","17":"tag-news","18":"tag-noticias","19":"tag-noticias-principais","20":"tag-noticiasprincipais","21":"tag-portugal","22":"tag-principais-noticias","23":"tag-principaisnoticias","24":"tag-pt","25":"tag-top-stories","26":"tag-topstories","27":"tag-ultimas","28":"tag-ultimas-noticias","29":"tag-ultimasnoticias"},"share_on_mastodon":{"url":"https:\/\/pubeurope.com\/@pt\/115684246029296980","error":""},"_links":{"self":[{"href":"https:\/\/www.europesays.com\/pt\/wp-json\/wp\/v2\/posts\/180028","targetHints":{"allow":["GET"]}}],"collection":[{"href":"https:\/\/www.europesays.com\/pt\/wp-json\/wp\/v2\/posts"}],"about":[{"href":"https:\/\/www.europesays.com\/pt\/wp-json\/wp\/v2\/types\/post"}],"author":[{"embeddable":true,"href":"https:\/\/www.europesays.com\/pt\/wp-json\/wp\/v2\/users\/2"}],"replies":[{"embeddable":true,"href":"https:\/\/www.europesays.com\/pt\/wp-json\/wp\/v2\/comments?post=180028"}],"version-history":[{"count":0,"href":"https:\/\/www.europesays.com\/pt\/wp-json\/wp\/v2\/posts\/180028\/revisions"}],"wp:featuredmedia":[{"embeddable":true,"href":"https:\/\/www.europesays.com\/pt\/wp-json\/wp\/v2\/media\/180029"}],"wp:attachment":[{"href":"https:\/\/www.europesays.com\/pt\/wp-json\/wp\/v2\/media?parent=180028"}],"wp:term":[{"taxonomy":"category","embeddable":true,"href":"https:\/\/www.europesays.com\/pt\/wp-json\/wp\/v2\/categories?post=180028"},{"taxonomy":"post_tag","embeddable":true,"href":"https:\/\/www.europesays.com\/pt\/wp-json\/wp\/v2\/tags?post=180028"}],"curies":[{"name":"wp","href":"https:\/\/api.w.org\/{rel}","templated":true}]}}