{"id":180035,"date":"2025-12-08T13:54:11","date_gmt":"2025-12-08T13:54:11","guid":{"rendered":"https:\/\/www.europesays.com\/pt\/180035\/"},"modified":"2025-12-08T13:54:11","modified_gmt":"2025-12-08T13:54:11","slug":"margarida-corceiro-vive-noite-inesquecivel-com-lando-norris-o-novo-campeao-do-mundo","status":"publish","type":"post","link":"https:\/\/www.europesays.com\/pt\/180035\/","title":{"rendered":"Margarida Corceiro vive noite inesquec\u00edvel com Lando Norris, o novo campe\u00e3o do Mundo"},"content":{"rendered":"<p data-remotead-prev-elm=\"true\" data-remotead-elm-id=\"inread\">Lando Norris cumpriu, este domingo, o maior sonho da sua vida desportiva: conquistou o primeiro t\u00edtulo mundial de F\u00f3rmula 1. Em Abu Dhabi, sob as luzes do Yas Marina Circuit, o piloto de 26 anos deixou escapar a emo\u00e7\u00e3o enquanto cruzava a meta. Entre l\u00e1grimas e vozes embargadas, foi recebido com brio e carinho por quem mais o apoiou esta \u00e9poca, incluindo a namorada, Margarida Corceiro, que viveu ao mil\u00edmetro cada volta.<\/p>\n<p>A atriz portuguesa, j\u00e1 bem familiar entre os que seguem o circo da F\u00f3rmula 1, celebrou assim que Norris saiu do carro. Entre a euforia, deu- lhe um forte abra\u00e7o e n\u00e3o conteve a felicidade. O imagem do beijo que partilharam correu Mundo, com os f\u00e3s aplaudirem a cumplicidade do casal.<\/p>\n<p><img decoding=\"async\" class=\"ngx-body\" guid=\"385b72c6-3b3c-45d4-8b51-4ba326881d41\" src=\"https:\/\/www.europesays.com\/pt\/wp-content\/uploads\/2025\/12\/1765202051_975_image.webp\" width=\"100%\"\/>Foto: Ali Haider\/EPA <\/p>\n<p data-remotead-prev-elm=\"true\" data-remotead-elm-id=\"centro1\">&#8220;Fizeram o sonho de um mi\u00fado tornar-se realidade&#8221;, agradeceu o novo campe\u00e3o pelo r\u00e1dio \u00e0 equipa. Entre o al\u00edvio do objetivo cumprido e o peso da \u00e9poca tirado dos ombros, Norris fez quest\u00e3o de abra\u00e7ar a m\u00e3e, Cisca, antes de voltar para junto de Margarida, que n\u00e3o o largou nos minutos seguintes.<\/p>\n<p>Festa sem trav\u00f5es<\/p>\n<p>Terminadas as cerim\u00f3nias oficiais, a celebra\u00e7\u00e3o mudou-se para o W Hotel, ao lado do circuito, onde a Amber Lounge organizou a tradicional after party exclusiva da F\u00f3rmula 1.<\/p>\n<p>Mesas VIP, DJs e convidados internacionais garantiram o tom festivo da noite. Lando Norris e Margarida Corceiro entraram de m\u00e3os dadas, c\u00famplices, prontos para brindar ao t\u00edtulo.<\/p>\n<p data-remotead-prev-elm=\"true\" data-remotead-elm-id=\"centro2\">De camisa branca e sorriso permanente, o campe\u00e3o puxou toda a sala para cantar &#8220;Sweet Caroline&#8221; e &#8220;We Are The Champions&#8221;. Saltou, riu, bebeu e foi at\u00e9 erguidos pelos amigos no meio da pista, enquanto a atriz portugu\u00eas sorria orgulhosa. Entre m\u00fasica, fotos e abra\u00e7os, os dois foram recebidos como a dupla do momento na F1.<\/p>\n<p>A equipa McLaren, amigos e v\u00e1rios pilotos tamb\u00e9m se juntaram \u00e0 celebra\u00e7\u00e3o. E mesmo com teste marcado para ter\u00e7a-feira, Norris deixou claro que n\u00e3o havia trav\u00f5es naquela noite. Era para festejar e bem.<\/p>\n<p>Um par que j\u00e1 conquistou o paddock<\/p>\n<p>Margarida Corceiro esteve presente em v\u00e1rias corridas ao longo da temporada. Com o tempo, tornou-se presen\u00e7a natural entre mec\u00e2nicos, engenheiros e familiares, sempre com postura descontra\u00edda e segura perante o mediatismo somado.<\/p>\n<p data-remotead-prev-elm=\"true\" data-remotead-elm-id=\"centro3\">Ap\u00f3s meses a acompanhar a \u00e9poca lado a lado, o casal demonstra uma rela\u00e7\u00e3o tranquila e segura, presente nos bons momentos e agora tamb\u00e9m nesta conquista hist\u00f3rica. Margarida celebrou a vit\u00f3ria como parte do n\u00facleo mais pr\u00f3ximo do piloto.<\/p>\n<p>Portugal assistiu ao feito com orgulho redobrado: pelo t\u00edtulo, mas tamb\u00e9m pela presen\u00e7a da atriz ao lado do novo n\u00famero 1 do Mundo.<\/p>\n","protected":false},"excerpt":{"rendered":"Lando Norris cumpriu, este domingo, o maior sonho da sua vida desportiva: conquistou o primeiro t\u00edtulo mundial de&hellip;\n","protected":false},"author":2,"featured_media":180036,"comment_status":"","ping_status":"","sticky":false,"template":"","format":"standard","meta":{"footnotes":""},"categories":[87],"tags":[5696,135,971,5020,719,1017,32,33,134],"class_list":{"0":"post-180035","1":"post","2":"type-post","3":"status-publish","4":"format-standard","5":"has-post-thumbnail","7":"category-desporto","8":"tag-abu-dhabi","9":"tag-desporto","10":"tag-formula-1","11":"tag-lando-norris","12":"tag-margarida-corceiro","13":"tag-namoro","14":"tag-portugal","15":"tag-pt","16":"tag-sports"},"share_on_mastodon":{"url":"https:\/\/pubeurope.com\/@pt\/115684289499110665","error":""},"_links":{"self":[{"href":"https:\/\/www.europesays.com\/pt\/wp-json\/wp\/v2\/posts\/180035","targetHints":{"allow":["GET"]}}],"collection":[{"href":"https:\/\/www.europesays.com\/pt\/wp-json\/wp\/v2\/posts"}],"about":[{"href":"https:\/\/www.europesays.com\/pt\/wp-json\/wp\/v2\/types\/post"}],"author":[{"embeddable":true,"href":"https:\/\/www.europesays.com\/pt\/wp-json\/wp\/v2\/users\/2"}],"replies":[{"embeddable":true,"href":"https:\/\/www.europesays.com\/pt\/wp-json\/wp\/v2\/comments?post=180035"}],"version-history":[{"count":0,"href":"https:\/\/www.europesays.com\/pt\/wp-json\/wp\/v2\/posts\/180035\/revisions"}],"wp:featuredmedia":[{"embeddable":true,"href":"https:\/\/www.europesays.com\/pt\/wp-json\/wp\/v2\/media\/180036"}],"wp:attachment":[{"href":"https:\/\/www.europesays.com\/pt\/wp-json\/wp\/v2\/media?parent=180035"}],"wp:term":[{"taxonomy":"category","embeddable":true,"href":"https:\/\/www.europesays.com\/pt\/wp-json\/wp\/v2\/categories?post=180035"},{"taxonomy":"post_tag","embeddable":true,"href":"https:\/\/www.europesays.com\/pt\/wp-json\/wp\/v2\/tags?post=180035"}],"curies":[{"name":"wp","href":"https:\/\/api.w.org\/{rel}","templated":true}]}}