{"id":180045,"date":"2025-12-08T14:10:11","date_gmt":"2025-12-08T14:10:11","guid":{"rendered":"https:\/\/www.europesays.com\/pt\/180045\/"},"modified":"2025-12-08T14:10:11","modified_gmt":"2025-12-08T14:10:11","slug":"antonio-fagundes-fica-de-fora-do-elenco-de-quem-ama-cuida","status":"publish","type":"post","link":"https:\/\/www.europesays.com\/pt\/180045\/","title":{"rendered":"Antonio Fagundes fica de fora do elenco de &#8216;Quem ama cuida&#8217;"},"content":{"rendered":"\n<p class=\" content-text__container \" data-track-category=\"Link no Texto\" data-track-links=\"\"> Fagundes est\u00e1 longe das novelas desde a trama das 19h &#8220;<a class=\"\" href=\"https:\/\/oglobo.globo.com\/tudo-sobre\/novela\/bom-sucesso\" rel=\"nofollow noopener\" target=\"_blank\">Bom sucesso<\/a>&#8221; (2019). A reaproxima\u00e7\u00e3o com a Globo foi vista como positiva por ambas as partes. Por isso, poder\u00e3o acontecer mais conversas sobre um retorno futuramente. Este ano, o ator fez uma participa\u00e7\u00e3o no &#8220;Show 60 anos&#8221;. <\/p>\n<p class=\" content-text__container \" data-track-category=\"Link no Texto\" data-track-links=\"\"> Na nova hist\u00f3ria das 21h, escrita por <a class=\"\" href=\"https:\/\/oglobo.globo.com\/tudo-sobre\/personalidade\/walcyr-carrasco\" rel=\"nofollow noopener\" target=\"_blank\">Walcyr Carrasco<\/a> e Claudia Souto, o ator apareceria apenas nos primeiros cap\u00edtulos. O personagem, cansado de bancar os irm\u00e3os, Pilar (Isabel Teixeira) e Ulisses (ator ainda n\u00e3o escalado), resolver\u00e1 deixar a fortuna <a class=\"\" href=\"https:\/\/oglobo.globo.com\/play\/novelas\/noticia\/2025\/12\/08\/por-causa-de-tres-gracas-quem-ama-cuida-a-proxima-novela-das-21h-tera-mudanca-envolvendo-a-mocinha-entenda.ghtml\" rel=\"nofollow noopener\" target=\"_blank\">para sua fisioterapeuta<\/a>, Adriana (Leticia Colin). Para garantir que a mo\u00e7a receba o dinheiro quando ele morrer, Artur oficializar\u00e1 a uni\u00e3o com ela. <\/p>\n<p class=\" content-text__container \" data-track-category=\"Link no Texto\" data-track-links=\"\"> Pouco depois do casamento, o milion\u00e1rio ser\u00e1 misteriosamente assassinado, e a culpa recair\u00e1 sobre a mo\u00e7a, que acabar\u00e1 presa. Ap\u00f3s anos na cadeia, ela tentar\u00e1 provar sua inoc\u00eancia e buscar\u00e1 vingan\u00e7a com a ajuda do <a class=\"\" href=\"https:\/\/oglobo.globo.com\/play\/novelas\/noticia\/2025\/12\/03\/chay-suede-sera-o-mocinho-em-quem-ama-cuida-nova-novela-de-walcyr-carrasco-saiba-detalhes-do-papel.ghtml\" rel=\"nofollow noopener\" target=\"_blank\">advogado Pedro<\/a> (<a class=\"\" href=\"https:\/\/oglobo.globo.com\/tudo-sobre\/personalidade\/chay-suede\" rel=\"nofollow noopener\" target=\"_blank\">Chay Suede<\/a>). <\/p>\n<p class=\" content-text__container \" data-track-category=\"Link no Texto\" data-track-links=\"\"> O trabalho mais recente de Fagundes com Carrasco foi &#8220;<a class=\"\" href=\"https:\/\/oglobo.globo.com\/tudo-sobre\/novela\/amor-a-vida\" rel=\"nofollow noopener\" target=\"_blank\">Amor \u00e0 vida<\/a>&#8220;, em 2013. Ele interpretou o m\u00e9dico C\u00e9sar. <\/p>\n","protected":false},"excerpt":{"rendered":"Fagundes est\u00e1 longe das novelas desde a trama das 19h &#8220;Bom sucesso&#8221; (2019). A reaproxima\u00e7\u00e3o com a Globo&hellip;\n","protected":false},"author":2,"featured_media":180046,"comment_status":"","ping_status":"","sticky":false,"template":"","format":"standard","meta":{"footnotes":""},"categories":[142],"tags":[25483,14885,1244,16578,14339,23216,114,115,8057,32,33,679,151,2323,6903],"class_list":{"0":"post-180045","1":"post","2":"type-post","3":"status-publish","4":"format-standard","5":"has-post-thumbnail","7":"category-tv","8":"tag-amor-a-vida","9":"tag-antonio-fagundes","10":"tag-ator","11":"tag-bom-sucesso","12":"tag-chay-suede","13":"tag-claudia-souto","14":"tag-entertainment","15":"tag-entretenimento","16":"tag-leticia-colin","17":"tag-portugal","18":"tag-pt","19":"tag-reportagem","20":"tag-tv","21":"tag-tv-globo","22":"tag-walcyr-carrasco"},"share_on_mastodon":{"url":"https:\/\/pubeurope.com\/@pt\/115684352000986477","error":""},"_links":{"self":[{"href":"https:\/\/www.europesays.com\/pt\/wp-json\/wp\/v2\/posts\/180045","targetHints":{"allow":["GET"]}}],"collection":[{"href":"https:\/\/www.europesays.com\/pt\/wp-json\/wp\/v2\/posts"}],"about":[{"href":"https:\/\/www.europesays.com\/pt\/wp-json\/wp\/v2\/types\/post"}],"author":[{"embeddable":true,"href":"https:\/\/www.europesays.com\/pt\/wp-json\/wp\/v2\/users\/2"}],"replies":[{"embeddable":true,"href":"https:\/\/www.europesays.com\/pt\/wp-json\/wp\/v2\/comments?post=180045"}],"version-history":[{"count":0,"href":"https:\/\/www.europesays.com\/pt\/wp-json\/wp\/v2\/posts\/180045\/revisions"}],"wp:featuredmedia":[{"embeddable":true,"href":"https:\/\/www.europesays.com\/pt\/wp-json\/wp\/v2\/media\/180046"}],"wp:attachment":[{"href":"https:\/\/www.europesays.com\/pt\/wp-json\/wp\/v2\/media?parent=180045"}],"wp:term":[{"taxonomy":"category","embeddable":true,"href":"https:\/\/www.europesays.com\/pt\/wp-json\/wp\/v2\/categories?post=180045"},{"taxonomy":"post_tag","embeddable":true,"href":"https:\/\/www.europesays.com\/pt\/wp-json\/wp\/v2\/tags?post=180045"}],"curies":[{"name":"wp","href":"https:\/\/api.w.org\/{rel}","templated":true}]}}