{"id":180057,"date":"2025-12-08T14:18:09","date_gmt":"2025-12-08T14:18:09","guid":{"rendered":"https:\/\/www.europesays.com\/pt\/180057\/"},"modified":"2025-12-08T14:18:09","modified_gmt":"2025-12-08T14:18:09","slug":"acordo-de-paz-para-a-ucrania-zelensky-reune-se-com-aliados-europeus-em-londres-e-bruxelas","status":"publish","type":"post","link":"https:\/\/www.europesays.com\/pt\/180057\/","title":{"rendered":"Acordo de paz para a Ucr\u00e2nia. Zelensky re\u00fane-se com aliados europeus em Londres e Bruxelas"},"content":{"rendered":"<p>                A visita de Volodymyr Zelensky ao Reino Unido ocorre numa altura em que tem aumentado a press\u00e3o da Administra\u00e7\u00e3o Trump para que Kiev ceda territ\u00f3rio a Moscovo. <b>O presidente ucraniano vai reunir-se com o primeiro-ministro brit\u00e2nico, com o presidente franc\u00eas e com o chanceler alem\u00e3o. H\u00e1 ainda a possibilidade de outros l\u00edderes europeus se juntarem por videoconfer\u00eancia.<\/b><\/p>\n<p>As conversa\u00e7\u00f5es na capital brit\u00e2nica acontecem ap\u00f3s v\u00e1rios dias de negocia\u00e7\u00f5es entre autoridades norte-americanas e ucranianas, que terminaram no s\u00e1bado sem progressos aparentes. Segundo Zelensky, <b>as negocia\u00e7\u00f5es dos \u00faltimos dias foram &#8220;construtivas, embora n\u00e3o f\u00e1ceis&#8221;.<\/b><\/p>\n<p>Na mensagem di\u00e1ria, Zelensky agradeceu a prontid\u00e3o dos negociadores norte-americanos.<\/p>\n<p>&#8220;Continuamos a trabalhar. Algumas coisas s\u00f3 podem ser discutidas em pessoa&#8221;, adiantou o l\u00edder ucraniano, que anunciou as conversa\u00e7\u00f5es com &#8220;os l\u00edderes europeus&#8221;.<\/p>\n<p><b>&#8220;Temos reuni\u00e3o planeadas em Londres, assim como em Bruxelas&#8221;<\/b>.<br \/>&#13;\n<\/p>\n<p>          <img decoding=\"async\" itemprop=\"image\" class=\"img-fluid\"   src=\"https:\/\/www.europesays.com\/pt\/wp-content\/uploads\/2025\/12\/1ff7dd1f5469c67cce6ab205868e2c31_N.jpg\"\/><\/p>\n<p>\nO primeiro-ministro brit\u00e2nico, Keir Starmer, recebeu esta manh\u00e3 no n\u00famero 10 de Downing Street o presidente ucraniano, juntamente com o presidente franc\u00eas, Emmanuel Macron, e o chanceler alem\u00e3o, Friedrich Merz. <b>Mas ainda hoje os presidentes do Conselho Europeu, Ant\u00f3nio Costa, e da Comiss\u00e3o Europeia, Ursula von der Leyen, o secret\u00e1rio-geral da NATO e Volodymyr Zelensky v\u00e3o encontrar-se na resid\u00eancia oficial de Mark Rutte em Bruxelas.<\/b><\/p>\n<p>Em comunicado, a Organiza\u00e7\u00e3o do Tratado do Atl\u00e2ntico Norte (NATO) d\u00e1 conta de que o secret\u00e1rio-geral, Mark Rutte, vai receber o Presidente da Ucr\u00e2nia e os dois principais representantes da Uni\u00e3o Europeia (UE) na resid\u00eancia oficial.<\/p>\n<p>Quest\u00e3o territorial continua a ser a mais problem\u00e1tica<\/p>\n<p>Apesar das v\u00e1rias rondas de negocia\u00e7\u00f5es, a quest\u00e3o territorial continua a ser a mais problem\u00e1tica nas negocia\u00e7\u00f5es para o fim da guerra na Ucr\u00e2nia.<br \/>&#13;<br \/>\nSegundo um alto respons\u00e1vel citado pela AFP, que foi informado sobre as \u00faltimas rondas de negocia\u00e7\u00f5es entre a Ucr\u00e2nia e os Estados Unidos da Am\u00e9rica no fim de semana, aquela exig\u00eancia \u201cmant\u00e9m-se e \u00e9 a quest\u00e3o mais problem\u00e1tica\u201d.<\/p>\n<p><b>\u201cVladimir Putin [presidente russo] n\u00e3o quer concluir um acordo sem territ\u00f3rio. Por isso, eles [russos] est\u00e3o a analisar todas as op\u00e7\u00f5es para garantir que a Ucr\u00e2nia cede territ\u00f3rio no Donbass\u201d<\/b>, na regi\u00e3o leste do pa\u00eds parcialmente ocupada pela R\u00fassia, adiantou.<\/p>\n<p>A R\u00fassia, que controla a maior parte dos Donbass, quer obter todo o territ\u00f3rio, uma exig\u00eancia repetidamente rejeitada por Kiev. E segundo a mesma fonte, <b>Washington est\u00e1 a pressionar a Ucr\u00e2nia para que aprove rapidamente um plano para terminar a guerra, mas Kiev \u201cn\u00e3o pode aceitar tudo sem examinar os detalhes\u201d<\/b>.<\/p>\n<p>O presidente dos Estados Unidos disse, no domingo, que as pessoas \u00e0 volta do presidente ucraniano adoram o plano de paz.<b> Donald Trump afirmou ainda estar dececionado com a atitude de Zelensky.<\/b><\/p>\n<p><b>&#8220;Devo dizer que estou um pouco desiludido por o presidente Zelensky ainda n\u00e3o ter lido a proposta&#8221;<\/b>, admitiu o presidente dos EUA. &#8220;O seu povo adora-a, mas ele n\u00e3o&#8221;.<\/p>\n<p>Trump acredita que a &#8220;R\u00fassia preferia ter todo o pa\u00eds&#8221;, mas que apesar disso &#8220;est\u00e1 de acordo&#8221; com a proposta. <\/p>\n<p><b>&#8220;Mas n\u00e3o tenho a certeza se Zelensky esteja de acordo&#8221;<\/b>, acrescentou. E repetiu: <b>&#8220;O seu povo adora-a. Mas ele n\u00e3o a leu&#8221;<\/b>.<\/p>\n<p>Os Estados Unidos apresentaram h\u00e1 quase tr\u00eas semanas uma proposta inicial com 28 pontos, que a Uni\u00e3o Europeia e a Ucr\u00e2nia consideraram que favorecia Moscovo, e que n\u00e3o incorporou contributos da Uni\u00e3o Europeia ou da Ucr\u00e2nia.<\/p>\n<p>Destinado a p\u00f4r fim ao conflito desencadeado pela ofensiva russa contra a Ucr\u00e2nia em fevereiro de 2022, o plano foi alterado substancialmente ap\u00f3s v\u00e1rias sess\u00f5es de negocia\u00e7\u00f5es com os ucranianos em Genebra (Su\u00ed\u00e7a) e na Florida (EUA), para tentar alterar o texto em favor de Kiev. O documento foi apresentado na ter\u00e7a-feira ao presidente russo, durante uma visita a Moscovo do enviado presidencial norte-americano, Steve Witkoff, e do genro do presidente norte-americano e mediador informal, Jared Kushner.<\/p>\n<p>Ap\u00f3s tr\u00eas dias de negocia\u00e7\u00f5es na Florida entre as autoridades ucranianas e norte-americanas, n\u00e3o houve avan\u00e7os significativos no s\u00e1bado.&#13;\n            <\/p>\n","protected":false},"excerpt":{"rendered":"A visita de Volodymyr Zelensky ao Reino Unido ocorre numa altura em que tem aumentado a press\u00e3o da&hellip;\n","protected":false},"author":2,"featured_media":180058,"comment_status":"","ping_status":"","sticky":false,"template":"","format":"standard","meta":{"footnotes":""},"categories":[50],"tags":[27,28,15,16,14,25,26,21,22,62,12,13,19,20,23,24,420,421,17,18,29,30,31,63,64,65],"class_list":{"0":"post-180057","1":"post","2":"type-post","3":"status-publish","4":"format-standard","5":"has-post-thumbnail","7":"category-mundo","8":"tag-breaking-news","9":"tag-breakingnews","10":"tag-featured-news","11":"tag-featurednews","12":"tag-headlines","13":"tag-latest-news","14":"tag-latestnews","15":"tag-main-news","16":"tag-mainnews","17":"tag-mundo","18":"tag-news","19":"tag-noticias","20":"tag-noticias-principais","21":"tag-noticiasprincipais","22":"tag-principais-noticias","23":"tag-principaisnoticias","24":"tag-rtp","25":"tag-rtp-noticias","26":"tag-top-stories","27":"tag-topstories","28":"tag-ultimas","29":"tag-ultimas-noticias","30":"tag-ultimasnoticias","31":"tag-world","32":"tag-world-news","33":"tag-worldnews"},"share_on_mastodon":{"url":"https:\/\/pubeurope.com\/@pt\/115684383841111326","error":""},"_links":{"self":[{"href":"https:\/\/www.europesays.com\/pt\/wp-json\/wp\/v2\/posts\/180057","targetHints":{"allow":["GET"]}}],"collection":[{"href":"https:\/\/www.europesays.com\/pt\/wp-json\/wp\/v2\/posts"}],"about":[{"href":"https:\/\/www.europesays.com\/pt\/wp-json\/wp\/v2\/types\/post"}],"author":[{"embeddable":true,"href":"https:\/\/www.europesays.com\/pt\/wp-json\/wp\/v2\/users\/2"}],"replies":[{"embeddable":true,"href":"https:\/\/www.europesays.com\/pt\/wp-json\/wp\/v2\/comments?post=180057"}],"version-history":[{"count":0,"href":"https:\/\/www.europesays.com\/pt\/wp-json\/wp\/v2\/posts\/180057\/revisions"}],"wp:featuredmedia":[{"embeddable":true,"href":"https:\/\/www.europesays.com\/pt\/wp-json\/wp\/v2\/media\/180058"}],"wp:attachment":[{"href":"https:\/\/www.europesays.com\/pt\/wp-json\/wp\/v2\/media?parent=180057"}],"wp:term":[{"taxonomy":"category","embeddable":true,"href":"https:\/\/www.europesays.com\/pt\/wp-json\/wp\/v2\/categories?post=180057"},{"taxonomy":"post_tag","embeddable":true,"href":"https:\/\/www.europesays.com\/pt\/wp-json\/wp\/v2\/tags?post=180057"}],"curies":[{"name":"wp","href":"https:\/\/api.w.org\/{rel}","templated":true}]}}