{"id":180059,"date":"2025-12-08T14:19:19","date_gmt":"2025-12-08T14:19:19","guid":{"rendered":"https:\/\/www.europesays.com\/pt\/180059\/"},"modified":"2025-12-08T14:19:19","modified_gmt":"2025-12-08T14:19:19","slug":"chuva-veio-para-ficar-saiba-como-vai-estar-o-tempo-esta-segunda-feira","status":"publish","type":"post","link":"https:\/\/www.europesays.com\/pt\/180059\/","title":{"rendered":"Chuva? Veio para ficar. Saiba como vai estar o tempo esta segunda-feira"},"content":{"rendered":"<p>Depois de um fim de semana chuvosa, ser\u00e1 que a chuva d\u00e1 tr\u00e9guas esta segunda-feira, dia 8 de dezembro? Segundo a previs\u00e3o do Instituto Portugu\u00eas do Mar e da Atmosfera (IPMA), haver\u00e1 &#8220;precipita\u00e7\u00e3o fraca&#8221; e &#8220;vento por vezes forte na faixa costeira Norte e Centro e nas terras altas&#8221;.\u00a0<\/p>\n<p>Na regi\u00e3o Norte e Centro, de acordo com o <a href=\"https:\/\/www.ipma.pt\/pt\/otempo\/prev.descritiva\/\" target=\"_blank\" rel=\"noopener nofollow\">IPMA<\/a>, o c\u00e9u vai estar &#8220;geralmente muito nublado&#8221; e poder\u00e3o ocorrer &#8220;per\u00edodos de chuva ou aguaceiros fracos&#8221;, sendo que s\u00e3o &#8220;mais prov\u00e1veis no litoral e a partir da tarde&#8221;.\u00a0<\/p>\n<p>O vento dever\u00e1 soprar &#8220;fraco a moderado do quadrante sul&#8221; e &#8220;moderado a forte na faixa costeira e nas terras altas,\u00a0com rajadas at\u00e9 65 km\/h no Minho e Douro Litoral, em especial a\u00a0partir da tarde&#8221;.<\/p>\n<p>Um cen\u00e1rio semelhante na regi\u00e3o Sul, onde haver\u00e1 &#8220;possibilidade de ocorr\u00eancia de aguaceiros fracos no litoral oeste e no Alto Alentejo at\u00e9 ao final da manh\u00e3&#8221;.<\/p>\n<p>Nestas tr\u00eas regi\u00f5es, vai registar-se uma &#8220;pequena descida da temperatura m\u00ednima&#8221;.\u00a0<\/p>\n<p>J\u00e1 na Grande Lisboa, al\u00e9m de o c\u00e9u &#8220;muito nublado&#8221;, existir\u00e3o &#8220;per\u00edodos de chuva ou aguaceiros fracos, mais prov\u00e1veis entre o in\u00edcio da manh\u00e3 e o meio da tarde&#8221;. No Grande Porto, os &#8220;per\u00edodos de chuva&#8221; registar-se-\u00e3o &#8220;a partir da tarde&#8221;.\u00a0<\/p>\n<p>De notar ainda que a agita\u00e7\u00e3o mar\u00edtima ser\u00e1 &#8220;forte a partir da tarde na ocidental&#8221;.\u00a0<\/p>\n<p>Quanto a temperaturas, as m\u00e1ximas v\u00e3o variar hoje entre os 9\u00baC (na Guarda) e os 19\u00baC (Faro, Sagres, Beja, Sines e \u00c9vora) e as m\u00ednimas podem oscilar entre os 6\u00baC (na Guarda) e os 14\u00baC (no Sagres).<\/p>\n<p>                                                    Como vai estar o tempo esta semana?<\/p>\n<p>O IPMA refere que &#8220;a semana de 8 a 14 de dezembro ser\u00e1 uma semana de tempo chuvoso e relativamente quente&#8221;, uma vez que &#8220;os valores da temperatura&#8221; estar\u00e3o &#8220;acima do normal para a \u00e9poca&#8221;.\u00a0<\/p>\n<p>&#8220;Os valores da temperatura m\u00e1xima estar\u00e3o entre 15\u00baC e 18\u00baC e os da temperatura m\u00ednima entre 9\u00baC a 13\u00baC em v\u00e1rios locais do territ\u00f3rio, em especial junto ao litoral&#8221;, explica.<\/p>\n<p>Portugal continental estar\u00e1 &#8220;sob a influ\u00eancia de uma massa de ar quente e h\u00famido, o que originar\u00e1 ocorr\u00eancia frequente de chuva e redu\u00e7\u00e3o de visibilidade, em especial nas regi\u00f5es montanhosas&#8221;.\u00a0<\/p>\n<p>J\u00e1 &#8220;epis\u00f3dios de passagem de sistemas frontais, como nos dias 9 e 10, ir\u00e3o provocar vento de oeste moderado a forte nas terras altas e no litoral oeste&#8221;. Provocar\u00e1 ainda &#8220;ocorr\u00eancia de precipita\u00e7\u00e3o forte, atingindo uma maior intensidade a regi\u00e3o noroeste do territ\u00f3rio, onde os valores acumulados na semana ser\u00e3o muito elevados&#8221;.\u00a0<\/p>\n<p>                                                    Vai conduzir \u00e0 chuva? As recomenda\u00e7\u00f5es da Prote\u00e7\u00e3o Civil<\/p>\n<p>A Autoridade Nacional de Emerg\u00eancia e Prote\u00e7\u00e3o Civil (ANEPC) deixou alguns alertas aos condutores, uma vez que \u00e9 necess\u00e1rio ter &#8220;maios cuidados&#8221;.<\/p>\n<p>&#8220;A m\u00e1 visibilidade, a perda de ader\u00eancia e o maior desgaste do ve\u00edculo s\u00e3o fatores que concorrem para uma maior perigosidade da condu\u00e7\u00e3o. Adapte a condu\u00e7\u00e3o ao estado do piso, \u00e0s condi\u00e7\u00f5es de visibilidade, ao estado e carga do ve\u00edculo e \u00e0 intensidade do tr\u00e2nsito&#8221;, pode ler-se.<\/p>\n<ul>&#13;<\/p>\n<li>Adote uma condu\u00e7\u00e3o defensiva;<\/li>\n<p>&#13;<\/p>\n<li>Aumente a dist\u00e2ncia de seguran\u00e7a;<\/li>\n<p>&#13;<\/p>\n<li>Respeite os limites e modere a velocidade;<\/li>\n<p>&#13;<\/p>\n<li>Tenha especial cuidado com a poss\u00edvel forma\u00e7\u00e3o de len\u00e7\u00f3is de \u00e1gua nas vias;<\/li>\n<p>&#13;<\/p>\n<li>Garanta que tem os vidros desembaciados;<\/li>\n<p>&#13;<\/p>\n<li>Circule com as luzes acesas;<\/li>\n<p>&#13;\n                                                    <\/ul>\n<p>Leia Tamb\u00e9m: <a href=\"https:\/\/www.noticiasaominuto.com\/pais\/2900831\/acores-enfrentam-agitacao-maritima-chuva-e-ventos-fortes\" target=\"_blank\" rel=\"noopener noreferrer nofollow\">A\u00e7ores enfrentam agita\u00e7\u00e3o mar\u00edtima, chuva e ventos fortes<\/a><\/p>\n","protected":false},"excerpt":{"rendered":"Depois de um fim de semana chuvosa, ser\u00e1 que a chuva d\u00e1 tr\u00e9guas esta segunda-feira, dia 8 de&hellip;\n","protected":false},"author":2,"featured_media":180060,"comment_status":"","ping_status":"","sticky":false,"template":"","format":"standard","meta":{"footnotes":""},"categories":[10],"tags":[27,28,15,16,14,25,26,21,22,12,13,19,20,32,23,24,33,17,18,29,30,31],"class_list":{"0":"post-180059","1":"post","2":"type-post","3":"status-publish","4":"format-standard","5":"has-post-thumbnail","7":"category-portugal","8":"tag-breaking-news","9":"tag-breakingnews","10":"tag-featured-news","11":"tag-featurednews","12":"tag-headlines","13":"tag-latest-news","14":"tag-latestnews","15":"tag-main-news","16":"tag-mainnews","17":"tag-news","18":"tag-noticias","19":"tag-noticias-principais","20":"tag-noticiasprincipais","21":"tag-portugal","22":"tag-principais-noticias","23":"tag-principaisnoticias","24":"tag-pt","25":"tag-top-stories","26":"tag-topstories","27":"tag-ultimas","28":"tag-ultimas-noticias","29":"tag-ultimasnoticias"},"share_on_mastodon":{"url":"https:\/\/pubeurope.com\/@pt\/115684387439473301","error":""},"_links":{"self":[{"href":"https:\/\/www.europesays.com\/pt\/wp-json\/wp\/v2\/posts\/180059","targetHints":{"allow":["GET"]}}],"collection":[{"href":"https:\/\/www.europesays.com\/pt\/wp-json\/wp\/v2\/posts"}],"about":[{"href":"https:\/\/www.europesays.com\/pt\/wp-json\/wp\/v2\/types\/post"}],"author":[{"embeddable":true,"href":"https:\/\/www.europesays.com\/pt\/wp-json\/wp\/v2\/users\/2"}],"replies":[{"embeddable":true,"href":"https:\/\/www.europesays.com\/pt\/wp-json\/wp\/v2\/comments?post=180059"}],"version-history":[{"count":0,"href":"https:\/\/www.europesays.com\/pt\/wp-json\/wp\/v2\/posts\/180059\/revisions"}],"wp:featuredmedia":[{"embeddable":true,"href":"https:\/\/www.europesays.com\/pt\/wp-json\/wp\/v2\/media\/180060"}],"wp:attachment":[{"href":"https:\/\/www.europesays.com\/pt\/wp-json\/wp\/v2\/media?parent=180059"}],"wp:term":[{"taxonomy":"category","embeddable":true,"href":"https:\/\/www.europesays.com\/pt\/wp-json\/wp\/v2\/categories?post=180059"},{"taxonomy":"post_tag","embeddable":true,"href":"https:\/\/www.europesays.com\/pt\/wp-json\/wp\/v2\/tags?post=180059"}],"curies":[{"name":"wp","href":"https:\/\/api.w.org\/{rel}","templated":true}]}}