{"id":180061,"date":"2025-12-08T14:20:10","date_gmt":"2025-12-08T14:20:10","guid":{"rendered":"https:\/\/www.europesays.com\/pt\/180061\/"},"modified":"2025-12-08T14:20:10","modified_gmt":"2025-12-08T14:20:10","slug":"nuno-costa-no-benfica-nao-mandam-as-redes-sociais-ou-as-bolhas-de-lisboa","status":"publish","type":"post","link":"https:\/\/www.europesays.com\/pt\/180061\/","title":{"rendered":"Nuno Costa: \u00abNo Benfica n\u00e3o mandam as redes sociais ou as bolhas de Lisboa\u00bb"},"content":{"rendered":"<p>Nuno Costa, chefe de gabinete de Rui Costa, assinalou esta segunda-feira um m\u00eas desde que o presidente foi reeleito, na segunda volta das elei\u00e7\u00f5es do <a class=\"autolink-enabled\" data-resource-id=\"450\" data-resource-type=\"team\" data-sport=\"football\" href=\"https:\/\/www.abola.pt\/futebol\/benfica-450\" rel=\"nofollow noopener\" target=\"_blank\">Benfica<\/a>, frente a Noronha Lopes.<\/p>\n<p>No LinkedIn, Nuno Costa escreveu uma longa mensagem, com v\u00e1rios recados para o opositor de Rui Costa, que posteriormente apagou desta rede social.<\/p>\n<p>\u00abPassa hoje um m\u00eas ap\u00f3s as elei\u00e7\u00f5es do Benfica. Um m\u00eas de reflex\u00f5es e, sobretudo, de refor\u00e7o de uma evid\u00eancia incontorn\u00e1vel: no Benfica mandam os s\u00f3cios. N\u00e3o mandam as redes sociais, nem a cal\u00fania, a distor\u00e7\u00e3o dos factos, a mentira e os te\u00f3ricos do &#8220;quase&#8221;. N\u00e3o mandam os media, nem os comentadores televisivos e os &#8220;opinion makers&#8221; de ocasi\u00e3o. N\u00e3o mandam as &#8220;sondagens&#8221;, nem pretensos &#8220;estudos de opini\u00e3o&#8221;. No Benfica mandam os s\u00f3cios. N\u00e3o mandam os que se lembram do Benfica, ou mesmo do seu benfiquismo, apenas em tempo de elei\u00e7\u00f5es. N\u00e3o mandam os que se acham donos da raz\u00e3o, nem os que se julgam mais benfiquistas que todos os outros. N\u00e3o mandam os que passam a vida a apregoar o esp\u00edrito democrata dos fundadores, mas que n\u00e3o conseguem, ou n\u00e3o sabem, lidar com as escolhas da maioria. No Benfica mandam os s\u00f3cios. N\u00e3o mandam as contradi\u00e7\u00f5es e incoer\u00eancias nos discursos, nem as inconsist\u00eancias de pensamento. N\u00e3o mandam os &#8220;soundbites&#8221;, nem o tacticismo de dizer apenas o que \u00e9 f\u00e1cil ou popular a cada momento. N\u00e3o mandam as bolhas de Lisboa ou de qualquer outra cidade ou vila do pa\u00eds. Por muito estranho que pare\u00e7a, por muito inc\u00f3modo que cause ou resist\u00eancia que desperte, no Benfica s\u00e3o mesmo os s\u00f3cios quem manda\u00bb, podia ler-se na mensagem.<\/p>\n","protected":false},"excerpt":{"rendered":"Nuno Costa, chefe de gabinete de Rui Costa, assinalou esta segunda-feira um m\u00eas desde que o presidente foi&hellip;\n","protected":false},"author":2,"featured_media":180062,"comment_status":"","ping_status":"","sticky":false,"template":"","format":"standard","meta":{"footnotes":""},"categories":[8],"tags":[27,28,15,16,14,25,26,21,22,12,13,19,20,32,23,24,33,17,18,29,30,31],"class_list":{"0":"post-180061","1":"post","2":"type-post","3":"status-publish","4":"format-standard","5":"has-post-thumbnail","7":"category-principais-noticias","8":"tag-breaking-news","9":"tag-breakingnews","10":"tag-featured-news","11":"tag-featurednews","12":"tag-headlines","13":"tag-latest-news","14":"tag-latestnews","15":"tag-main-news","16":"tag-mainnews","17":"tag-news","18":"tag-noticias","19":"tag-noticias-principais","20":"tag-noticiasprincipais","21":"tag-portugal","22":"tag-principais-noticias","23":"tag-principaisnoticias","24":"tag-pt","25":"tag-top-stories","26":"tag-topstories","27":"tag-ultimas","28":"tag-ultimas-noticias","29":"tag-ultimasnoticias"},"share_on_mastodon":{"url":"https:\/\/pubeurope.com\/@pt\/115684391392049802","error":""},"_links":{"self":[{"href":"https:\/\/www.europesays.com\/pt\/wp-json\/wp\/v2\/posts\/180061","targetHints":{"allow":["GET"]}}],"collection":[{"href":"https:\/\/www.europesays.com\/pt\/wp-json\/wp\/v2\/posts"}],"about":[{"href":"https:\/\/www.europesays.com\/pt\/wp-json\/wp\/v2\/types\/post"}],"author":[{"embeddable":true,"href":"https:\/\/www.europesays.com\/pt\/wp-json\/wp\/v2\/users\/2"}],"replies":[{"embeddable":true,"href":"https:\/\/www.europesays.com\/pt\/wp-json\/wp\/v2\/comments?post=180061"}],"version-history":[{"count":0,"href":"https:\/\/www.europesays.com\/pt\/wp-json\/wp\/v2\/posts\/180061\/revisions"}],"wp:featuredmedia":[{"embeddable":true,"href":"https:\/\/www.europesays.com\/pt\/wp-json\/wp\/v2\/media\/180062"}],"wp:attachment":[{"href":"https:\/\/www.europesays.com\/pt\/wp-json\/wp\/v2\/media?parent=180061"}],"wp:term":[{"taxonomy":"category","embeddable":true,"href":"https:\/\/www.europesays.com\/pt\/wp-json\/wp\/v2\/categories?post=180061"},{"taxonomy":"post_tag","embeddable":true,"href":"https:\/\/www.europesays.com\/pt\/wp-json\/wp\/v2\/tags?post=180061"}],"curies":[{"name":"wp","href":"https:\/\/api.w.org\/{rel}","templated":true}]}}