{"id":180065,"date":"2025-12-08T14:24:15","date_gmt":"2025-12-08T14:24:15","guid":{"rendered":"https:\/\/www.europesays.com\/pt\/180065\/"},"modified":"2025-12-08T14:24:15","modified_gmt":"2025-12-08T14:24:15","slug":"helder-kicker-como-nunca-o-viu-ex-big-brother-em-momento-escaldante-com-mulher-video","status":"publish","type":"post","link":"https:\/\/www.europesays.com\/pt\/180065\/","title":{"rendered":"H\u00e9lder Kicker &#8211; Como nunca o viu! Ex-Big Brother em momento escaldante com mulher [V\u00cdDEO]"},"content":{"rendered":"<p><strong>H\u00e9lder Kicker<\/strong> ficou conhecido por ter participado em tr\u00eas edi\u00e7\u00f5es do <strong>Big Brother<\/strong>: a <strong>quinta edi\u00e7\u00e3o<\/strong>, em 2020; <strong>Duplo Impacto<\/strong>, em 2021; e <strong>Desafio Final 2<\/strong>, em 2024.<\/p>\n<p>Desde ent\u00e3o, o residente de Santa Maria da Feira, de 44 anos tem-se dedicado \u00e0 sua carreira como personal trainer.<\/p>\n<blockquote>\n<p>Leia mais: <a href=\"https:\/\/www.novagente.pt\/casa-dos-segredos-sera-que-houve-surpresa-eis-concorrente-expulso\" rel=\"nofollow noopener\" target=\"_blank\">Casa dos Segredos &#8211; Ser\u00e1 que houve surpresa? Eis o concorrente expulso!<\/a><\/p>\n<\/blockquote>\n<p>Recentemente, H\u00e9lder esteve de f\u00e9rias em Cabo Verde com alguns amigos e, numa das noites, o grupo dirigiu-se a uma discoteca local.<\/p>\n<p>Num v\u00eddeo partilhado no Instagram, o nortenho surge <strong>a dan\u00e7ar de forma escaldante no ch\u00e3o, de camisa aberta, com uma mulher desconhecida<\/strong>. \u201cD\u00e1-lhe!\u201d, comentou um seguidor na publica\u00e7\u00e3o.<\/p>\n<p>A certo ponto, a pessoa em quest\u00e3o coloca-se em cima de H\u00e9lder. Confira o momento picante que est\u00e1 a surpreender os internautas!<\/p>\n<p>Texto: Lu\u00eds Sigorro; Fotos: Impala\/Redes sociais<\/p>\n<p class=\"intagram-text\">Siga a Nova Gente no Instagram<\/p>\n<p>                        <a href=\"https:\/\/www.instagram.com\/revistanovagente\/\" target=\"_blank\" aria-label=\"instagram\" rel=\"noopener nofollow\"><img decoding=\"async\" style=\"display: block; margin-left: auto; margin-right: auto; width: 250px; height: 83px;\" src=\"https:\/\/www.europesays.com\/pt\/wp-content\/uploads\/2025\/11\/Instagram_NG.png\" alt=\"instagram\"\/><\/a><br \/>\n                    <script async src=\"\/\/www.instagram.com\/embed.js\"><\/script><\/p>\n","protected":false},"excerpt":{"rendered":"H\u00e9lder Kicker ficou conhecido por ter participado em tr\u00eas edi\u00e7\u00f5es do Big Brother: a quinta edi\u00e7\u00e3o, em 2020;&hellip;\n","protected":false},"author":2,"featured_media":180066,"comment_status":"","ping_status":"","sticky":false,"template":"","format":"standard","meta":{"footnotes":""},"categories":[142],"tags":[48,21529,114,115,36940,3968,32,33,151],"class_list":{"0":"post-180065","1":"post","2":"type-post","3":"status-publish","4":"format-standard","5":"has-post-thumbnail","7":"category-tv","8":"tag-big-brother","9":"tag-discoteca","10":"tag-entertainment","11":"tag-entretenimento","12":"tag-helder-kicker","13":"tag-mulher","14":"tag-portugal","15":"tag-pt","16":"tag-tv"},"share_on_mastodon":{"url":"https:\/\/pubeurope.com\/@pt\/115684407215895773","error":""},"_links":{"self":[{"href":"https:\/\/www.europesays.com\/pt\/wp-json\/wp\/v2\/posts\/180065","targetHints":{"allow":["GET"]}}],"collection":[{"href":"https:\/\/www.europesays.com\/pt\/wp-json\/wp\/v2\/posts"}],"about":[{"href":"https:\/\/www.europesays.com\/pt\/wp-json\/wp\/v2\/types\/post"}],"author":[{"embeddable":true,"href":"https:\/\/www.europesays.com\/pt\/wp-json\/wp\/v2\/users\/2"}],"replies":[{"embeddable":true,"href":"https:\/\/www.europesays.com\/pt\/wp-json\/wp\/v2\/comments?post=180065"}],"version-history":[{"count":0,"href":"https:\/\/www.europesays.com\/pt\/wp-json\/wp\/v2\/posts\/180065\/revisions"}],"wp:featuredmedia":[{"embeddable":true,"href":"https:\/\/www.europesays.com\/pt\/wp-json\/wp\/v2\/media\/180066"}],"wp:attachment":[{"href":"https:\/\/www.europesays.com\/pt\/wp-json\/wp\/v2\/media?parent=180065"}],"wp:term":[{"taxonomy":"category","embeddable":true,"href":"https:\/\/www.europesays.com\/pt\/wp-json\/wp\/v2\/categories?post=180065"},{"taxonomy":"post_tag","embeddable":true,"href":"https:\/\/www.europesays.com\/pt\/wp-json\/wp\/v2\/tags?post=180065"}],"curies":[{"name":"wp","href":"https:\/\/api.w.org\/{rel}","templated":true}]}}