{"id":180071,"date":"2025-12-08T14:27:09","date_gmt":"2025-12-08T14:27:09","guid":{"rendered":"https:\/\/www.europesays.com\/pt\/180071\/"},"modified":"2025-12-08T14:27:09","modified_gmt":"2025-12-08T14:27:09","slug":"videos-a-noite-euforica-de-norris-e-margarida-corceiro-apos-conquista-da-formula-1","status":"publish","type":"post","link":"https:\/\/www.europesays.com\/pt\/180071\/","title":{"rendered":"V\u00cdDEOS: a noite euf\u00f3rica de Norris e Margarida Corceiro ap\u00f3s conquista da F\u00f3rmula 1"},"content":{"rendered":"<p style=\"margin-bottom:11px\">A in\u00e9dita conquista do Mundial de F\u00f3rmula 1 lan\u00e7ou Lando Norris para uma noite louca, que come\u00e7ou no Bresh, um dos principais bares de Abu Dhabi, nos Emirados \u00c1rabes Unidos. Madrugada dentro, o piloto brit\u00e2nico fez-se acompanhar de fam\u00edlia \u2013 evidentemente da namorada Margarida Corceiro \u2013 amigos e equipa da McLaren.<\/p>\n<p style=\"margin-bottom:11px\">Depois do Bresh, Norris avan\u00e7ou para o Amber Lounge, onde assumiu a festa com os amigos.<\/p>\n<p style=\"margin-bottom:11px\">\u00a0<\/p>\n<p style=\"margin-bottom:11px\">\u00a0<\/p>\n<blockquote class=\"twitter-tweet\">\n<p lang=\"en\">YEAHHHH <a href=\"https:\/\/t.co\/lkMCfcaXWR\" rel=\"nofollow\">pic.twitter.com\/lkMCfcaXWR<\/a><\/p>\n<p> \u2014 bia | LN1 (@LNFOURS)<br \/>\n  <a href=\"https:\/\/twitter.com\/LNFOURS\/status\/1997831138501627987?ref_src=twsrc%5Etfw\" rel=\"nofollow noopener\" target=\"_blank\">December 8, 2025<\/a>\n <\/p><\/blockquote>\n<p>Terminada a dinastia de Max Verstappen, que vigorou entre 2021 e 2024 \u2013 depois do reinado de Lewis Hamilton (2017-2020) \u2013 Lando Norris, de 26 anos, tornou-se no 35.\u00ba campe\u00e3o de F\u00f3rmula 1.<\/p>\n<p>                                <script async src=\"https:\/\/platform.twitter.com\/widgets.js\" charset=\"utf-8\"><\/script><\/p>\n","protected":false},"excerpt":{"rendered":"A in\u00e9dita conquista do Mundial de F\u00f3rmula 1 lan\u00e7ou Lando Norris para uma noite louca, que come\u00e7ou no&hellip;\n","protected":false},"author":2,"featured_media":180072,"comment_status":"","ping_status":"","sticky":false,"template":"","format":"standard","meta":{"footnotes":""},"categories":[87],"tags":[5696,5968,36941,135,970,971,82,5020,46,719,5970,7660,7661,5969,32,33,47,134],"class_list":{"0":"post-180071","1":"post","2":"type-post","3":"status-publish","4":"format-standard","5":"has-post-thumbnail","7":"category-desporto","8":"tag-abu-dhabi","9":"tag-automobilismo","10":"tag-corceiro","11":"tag-desporto","12":"tag-f1","13":"tag-formula-1","14":"tag-internacional","15":"tag-lando-norris","16":"tag-maisfutebol","17":"tag-margarida-corceiro","18":"tag-mclaren","19":"tag-mf-social","20":"tag-mfsocial","21":"tag-norris","22":"tag-portugal","23":"tag-pt","24":"tag-pura-paixao","25":"tag-sports"},"share_on_mastodon":{"url":"https:\/\/pubeurope.com\/@pt\/115684418841349257","error":""},"_links":{"self":[{"href":"https:\/\/www.europesays.com\/pt\/wp-json\/wp\/v2\/posts\/180071","targetHints":{"allow":["GET"]}}],"collection":[{"href":"https:\/\/www.europesays.com\/pt\/wp-json\/wp\/v2\/posts"}],"about":[{"href":"https:\/\/www.europesays.com\/pt\/wp-json\/wp\/v2\/types\/post"}],"author":[{"embeddable":true,"href":"https:\/\/www.europesays.com\/pt\/wp-json\/wp\/v2\/users\/2"}],"replies":[{"embeddable":true,"href":"https:\/\/www.europesays.com\/pt\/wp-json\/wp\/v2\/comments?post=180071"}],"version-history":[{"count":0,"href":"https:\/\/www.europesays.com\/pt\/wp-json\/wp\/v2\/posts\/180071\/revisions"}],"wp:featuredmedia":[{"embeddable":true,"href":"https:\/\/www.europesays.com\/pt\/wp-json\/wp\/v2\/media\/180072"}],"wp:attachment":[{"href":"https:\/\/www.europesays.com\/pt\/wp-json\/wp\/v2\/media?parent=180071"}],"wp:term":[{"taxonomy":"category","embeddable":true,"href":"https:\/\/www.europesays.com\/pt\/wp-json\/wp\/v2\/categories?post=180071"},{"taxonomy":"post_tag","embeddable":true,"href":"https:\/\/www.europesays.com\/pt\/wp-json\/wp\/v2\/tags?post=180071"}],"curies":[{"name":"wp","href":"https:\/\/api.w.org\/{rel}","templated":true}]}}