{"id":180073,"date":"2025-12-08T14:28:13","date_gmt":"2025-12-08T14:28:13","guid":{"rendered":"https:\/\/www.europesays.com\/pt\/180073\/"},"modified":"2025-12-08T14:28:13","modified_gmt":"2025-12-08T14:28:13","slug":"volta-redonda-reforca-acoes-de-conscientizacao-sobre-hiv-aids-e-outras-infeccoes-sexualmente-transmissiveis-no-dezembro-vermelho","status":"publish","type":"post","link":"https:\/\/www.europesays.com\/pt\/180073\/","title":{"rendered":"Volta Redonda refor\u00e7a a\u00e7\u00f5es de conscientiza\u00e7\u00e3o sobre HIV\/Aids e outras infec\u00e7\u00f5es sexualmente transmiss\u00edveis no \u2018Dezembro Vermelho\u2019"},"content":{"rendered":"<p><img decoding=\"async\" src=\"https:\/\/www.europesays.com\/pt\/wp-content\/uploads\/2025\/12\/DEZEMBRO_VERMELHO_SMS.jpeg\" alt=\"\"\/><\/p>\n<p style=\"text-align: center;\">Munic\u00edpio oferta testes r\u00e1pidos nas unidades da Aten\u00e7\u00e3o Prim\u00e1ria e no Centro de Doen\u00e7as Infecciosas, no bairro Aterrado<\/p>\n<p>A Prefeitura de Volta Redonda, por meio da Secretaria Municipal de Sa\u00fade (SMS), refor\u00e7a as a\u00e7\u00f5es de conscientiza\u00e7\u00e3o sobre o HIV (V\u00edrus da Imunodefici\u00eancia Humana) e a Aids (S\u00edndrome da Imunodefici\u00eancia Adquirida), e outras infec\u00e7\u00f5es sexualmente transmiss\u00edveis (IST) no \u201cDezembro Vermelho\u201d. A equipe do Programa de IST\/AIDS da SMS antecipou a campanha para o final do m\u00eas de novembro e j\u00e1 promoveu encontros com motoboys, estudantes universit\u00e1rios, membros do Conselho Municipal dos Direitos das Pessoas do LGBTIA+ e ministrou palestra para funcion\u00e1rios do Hospital Regional Zilda Arns, no bairro Roma. No restante do m\u00eas dezembro, as a\u00e7\u00f5es est\u00e3o voltadas para empresas do munic\u00edpio.<\/p>\n<p>A enfermeira Rejane Maria de Queiroz e Silva, que coordena o Programa de IST\/AIDS da Secretaria Municipal de Sa\u00fade, explica que o m\u00eas de dezembro foi escolhido pelo Minist\u00e9rio da Sa\u00fade em raz\u00e3o do Dia Mundial de Combate \u00e0 Aids, que \u00e9 o 1\u00ba de dezembro.<\/p>\n<p>\u201c\u00c9 um per\u00edodo dedicado \u00e0 preven\u00e7\u00e3o, testagem, informa\u00e7\u00e3o e combate ao estigma da doen\u00e7a. Nesse per\u00edodo, refor\u00e7amos as a\u00e7\u00f5es de conscientiza\u00e7\u00e3o e ampliamos a divulga\u00e7\u00e3o dos servi\u00e7os oferecidos na rede municipal de sa\u00fade de Volta Redonda\u201d, falou.<\/p>\n<p>A rede oferta testes r\u00e1pidos para HIV, S\u00edfilis e Hepatites B e C, al\u00e9m de planejamento reprodutivo, orienta\u00e7\u00f5es e acompanhamento cl\u00ednico. Qualquer pessoa que queira fazer um teste r\u00e1pido deve procurar uma unidade da Aten\u00e7\u00e3o Prim\u00e1ria \u00e0 Sa\u00fade ou o Centro de Testagem e Aconselhamento (CTA) para IST\/AIDS, que funciona no Centro de Doen\u00e7as Infectocontagiosas (CDI), que fica no bairro Aterrado. O teste \u00e9 gratuito, sigiloso e o resultado sai na hora.<\/p>\n<p>O teste deve ser feito sempre que houver sexo sem prote\u00e7\u00e3o, parceria nova, IST recente ou sempre que desejar se prevenir. Se o resultado vier positivo, o atendimento continua no servi\u00e7o especializado, onde o tratamento \u00e9 iniciado rapidamente. Os rem\u00e9dios s\u00e3o gratuitos e, com o uso correto, a carga viral fica indetect\u00e1vel, permitindo viver com sa\u00fade e sem transmitir o HIV.<\/p>\n<p>O tratamento \u00e9 feito com antirretrovirais, com ingest\u00e3o de comprimidos di\u00e1rios, gratuitos, fornecidos pelo SUS (Sistema \u00danico de Sa\u00fade). E o objetivo \u00e9 deixar a carga viral indetect\u00e1vel, o que mant\u00e9m a pessoa saud\u00e1vel; evita doen\u00e7as oportunistas; elimina a transmiss\u00e3o sexual \u2013 Indetect\u00e1vel = Intransmiss\u00edvel, I = I. O acompanhamento, feito no CDI, inclui consultas regulares e exames de carga viral e CD4 (um tipo de gl\u00f3bulo branco vital para a imunidade).<\/p>\n<p><strong>Como se proteger<\/strong><\/p>\n<p>O v\u00edrus HIV \u00e9 transmitido pela rela\u00e7\u00e3o sexual desprotegida (sem preservativo); compartilhamento de agulhas e seringas; transmiss\u00e3o vertical \u2013 da m\u00e3e para o filho durante a gesta\u00e7\u00e3o, parto ou amamenta\u00e7\u00e3o. A pessoa deve se proteger usando preservativo em todas as rela\u00e7\u00f5es sexuais; fazendo o teste de HIV regularmente, especialmente se voc\u00ea teve comportamento de risco; n\u00e3o compartilhando agulhas ou objetos cortantes. Tratamento preventivo: medica\u00e7\u00f5es como a Profilaxia Pr\u00e9-Exposi\u00e7\u00e3o (PrEP) podem ser usadas para reduzir o risco de infec\u00e7\u00e3o.<\/p>\n<p>HIV e AIDS \u2013 O HIV (V\u00edrus da Imunodefici\u00eancia Humana) ataca o sistema imunol\u00f3gico, enfraquecendo as defesas do corpo contra infec\u00e7\u00f5es. Se n\u00e3o tratado adequadamente, pode levar \u00e0 AIDS (S\u00edndrome da Imunodefici\u00eancia Adquirida). Ou seja, o HIV \u00e9 o v\u00edrus causador da AIDS. A AIDS \u00e9 a doen\u00e7a causada pelo HIV.<\/p>\n<p>*Trabalho em Volta Redonda \u00e9 reconhecido nacionalmente*<\/p>\n<p>Volta Redonda recebeu, na quarta-feira, dia 3 de dezembro, certifica\u00e7\u00e3o do Minist\u00e9rio da Sa\u00fade pela elimina\u00e7\u00e3o da transmiss\u00e3o vertical de HIV e recebeu Selo Prata de Boas Pr\u00e1ticas Rumo \u00e0 Elimina\u00e7\u00e3o da Transmiss\u00e3o Vertical da S\u00edfilis, quando a m\u00e3e passa a doen\u00e7a para seu filho durante a gesta\u00e7\u00e3o, parto ou amamenta\u00e7\u00e3o. A premia\u00e7\u00e3o foi entregue em Bras\u00edlia (DF).<\/p>\n<p>Volta Redonda n\u00e3o registra contamina\u00e7\u00e3o vertical por HIV h\u00e1 sete anos. Resultado mantido pela melhoria cont\u00ednua da aten\u00e7\u00e3o \u00e0 sa\u00fade materno-infantil, mobilizando gestores e profissionais de sa\u00fade, aprimorando a vigil\u00e2ncia e o acesso ao diagn\u00f3stico e tratamento. O mesmo se aplica \u00e0 s\u00edfilis cong\u00eanita, o munic\u00edpio teve queda constante no n\u00famero de registros de transmiss\u00e3o da doen\u00e7a da m\u00e3e para o beb\u00ea de 2021 at\u00e9 2025.<\/p>\n<p>Fotos de divulga\u00e7\u00e3o \u2013 Secom\/PMVR.<\/p>\n<p>\t\t\t\t\t\t<a href=\"https:\/\/www.pinterest.com\/pin\/create\/button\/\" data-pin-do=\"buttonBookmark\" data-pin-color=\"red\" rel=\"nofollow noopener\" target=\"_blank\"><img decoding=\"async\" src=\"https:\/\/www.europesays.com\/pt\/wp-content\/uploads\/2025\/08\/pinit_fg_en_rect_red_20.png\" alt=\"Pin It\"\/><\/a><\/p>\n","protected":false},"excerpt":{"rendered":"Munic\u00edpio oferta testes r\u00e1pidos nas unidades da Aten\u00e7\u00e3o Prim\u00e1ria e no Centro de Doen\u00e7as Infecciosas, no bairro Aterrado&hellip;\n","protected":false},"author":2,"featured_media":180074,"comment_status":"","ping_status":"","sticky":false,"template":"","format":"standard","meta":{"footnotes":""},"categories":[86],"tags":[7005,116,7003,32,3046,7007,7006,33,117,7010,7009,7004,7011,7008,7012],"class_list":{"0":"post-180073","1":"post","2":"type-post","3":"status-publish","4":"format-standard","5":"has-post-thumbnail","7":"category-saude","8":"tag-cidade-do-aco","9":"tag-health","10":"tag-portalvr","11":"tag-portugal","12":"tag-prefeitura","13":"tag-prefeitura-de-volta-redonda","14":"tag-prefeitura-vr","15":"tag-pt","16":"tag-saude","17":"tag-site-prefeitura-volta-redonda","18":"tag-site-volta-redonda","19":"tag-volta-redonda","20":"tag-volta-redonda-prefeitura","21":"tag-voltaredonda","22":"tag-vr-prefeitura"},"share_on_mastodon":{"url":"https:\/\/pubeurope.com\/@pt\/115684423152272801","error":""},"_links":{"self":[{"href":"https:\/\/www.europesays.com\/pt\/wp-json\/wp\/v2\/posts\/180073","targetHints":{"allow":["GET"]}}],"collection":[{"href":"https:\/\/www.europesays.com\/pt\/wp-json\/wp\/v2\/posts"}],"about":[{"href":"https:\/\/www.europesays.com\/pt\/wp-json\/wp\/v2\/types\/post"}],"author":[{"embeddable":true,"href":"https:\/\/www.europesays.com\/pt\/wp-json\/wp\/v2\/users\/2"}],"replies":[{"embeddable":true,"href":"https:\/\/www.europesays.com\/pt\/wp-json\/wp\/v2\/comments?post=180073"}],"version-history":[{"count":0,"href":"https:\/\/www.europesays.com\/pt\/wp-json\/wp\/v2\/posts\/180073\/revisions"}],"wp:featuredmedia":[{"embeddable":true,"href":"https:\/\/www.europesays.com\/pt\/wp-json\/wp\/v2\/media\/180074"}],"wp:attachment":[{"href":"https:\/\/www.europesays.com\/pt\/wp-json\/wp\/v2\/media?parent=180073"}],"wp:term":[{"taxonomy":"category","embeddable":true,"href":"https:\/\/www.europesays.com\/pt\/wp-json\/wp\/v2\/categories?post=180073"},{"taxonomy":"post_tag","embeddable":true,"href":"https:\/\/www.europesays.com\/pt\/wp-json\/wp\/v2\/tags?post=180073"}],"curies":[{"name":"wp","href":"https:\/\/api.w.org\/{rel}","templated":true}]}}