{"id":180083,"date":"2025-12-08T14:35:12","date_gmt":"2025-12-08T14:35:12","guid":{"rendered":"https:\/\/www.europesays.com\/pt\/180083\/"},"modified":"2025-12-08T14:35:12","modified_gmt":"2025-12-08T14:35:12","slug":"ana-furtado-posta-foto-rara-com-a-filha-e-aparencia-da-jovem-chama-a-atencao","status":"publish","type":"post","link":"https:\/\/www.europesays.com\/pt\/180083\/","title":{"rendered":"Ana Furtado posta foto rara com a filha e apar\u00eancia da jovem chama a aten\u00e7\u00e3o"},"content":{"rendered":"<p>A apresentadora <strong><a href=\"https:\/\/caras.com.br\/tags\/ana-furtado\" rel=\"nofollow noopener\" target=\"_blank\">Ana Furtado<\/a><\/strong> compartilhou novas fotos de sua viagem por Nova York. Neste domingo, 07, a famosa mostrou que a filha dela e de <strong><a href=\"https:\/\/caras.com.br\/tags\/boninho\" rel=\"nofollow noopener\" target=\"_blank\">Boninho<\/a>, Isabella Furtado<\/strong>, est\u00e1 com eles curtindo o inverno e as luzes natalinas da grande cidade.<\/p>\n<p>Ao postar o cliques raro com sua \u00fanica herdeira, a ex-global logo chamou a aten\u00e7\u00e3o. A\u00a0 jovem, de 18 anos, roubou a cena ao esbanjar sua beleza com a m\u00e3e. \u201cMeia noite em NY, -5\u00b0C e a gente fazendo o que? Batendo perna pra ver a \u00e1rvore de natal do Rocke Feller Center. T\u00e1 muuuuito linda\u201d, escreveu a famosa sobre a experi\u00eancia.<\/p>\n<p>Nos coment\u00e1rios, os internautas admiraram a dupla. \u201cLindas\u201d, disseram. \u201cAh que demais voc\u00eas duas\u201d, falaram outros.<\/p>\n<p>Ainda recentemente, <a href=\"https:\/\/caras.com.br\/atualidades\/boninho-e-ana-furtado-vibram-com-conquista-da-filha-orgulhosos.phtml\" target=\"_blank\" rel=\"noopener nofollow\">Ana Furtado e Boninho comemoraram a formatura da filha na escola<\/a>. O casal ainda aproveitou para revelar que a menina seguir\u00e1 os estudos em Nova York, na New York University (NYU) \u2013 <a href=\"https:\/\/caras.com.br\/atualidades\/claudia-raia-e-edson-celulari-se-encontram-e-encantam-com-fotos-de-familia.phtml\" target=\"_blank\" rel=\"noopener nofollow\">mesma institui\u00e7\u00e3o onde as filhas<\/a> de <a href=\"https:\/\/caras.com.br\/tags\/claudia-raia\" target=\"_blank\" rel=\"noopener nofollow\"><strong>Claudia Raia<\/strong><\/a> e <a href=\"https:\/\/caras.com.br\/tags\/sandra-annenberg\" target=\"_blank\" rel=\"noopener nofollow\"><strong>Sandra Annenberg<\/strong><\/a> se <a href=\"https:\/\/caras.com.br\/atualidades\/sandra-annenberg-mostra-fotos-da-formatura-da-filha-em-nova-york.phtml\" target=\"_blank\" rel=\"noopener nofollow\">formaram<\/a>.<\/p>\n<p>Vale lembrar que Isabella Furtado \u00e9 a \u00fanica filha de Ana Furtado e Boninho. O diretor de TV, por sua vez, tamb\u00e9m \u00e9 pai de\u00a0<strong>Pedro Oliveira<\/strong>, fruto de seu antigo relacionamento com\u00a0<strong>K\u00e1tia D\u2019\u00c1vila<\/strong>, e\u00a0<strong>Mariana Tamborindeguy<\/strong>, tamb\u00e9m de uma rela\u00e7\u00e3o anterior com\u00a0<strong>Narcisa Tamborindeguy<\/strong>.<\/p>\n<p> Veja a foto da filha de Ana Furtado com ela em Nova York: <\/p>\n<blockquote class=\"instagram-media\" style=\"background: #FFF; border: 0; border-radius: 3px; box-shadow: 0 0 1px 0 rgba(0,0,0,0.5),0 1px 10px 0 rgba(0,0,0,0.15); margin: 1px; max-width: 540px; min-width: 326px; padding: 0; width: calc(100% - 2px);\" data-instgrm-captioned=\"\" data-instgrm-permalink=\"https:\/\/www.instagram.com\/p\/DR-j5sEgayM\/?utm_source=ig_embed&amp;utm_campaign=loading\" data-instgrm-version=\"14\"><\/blockquote>\n<p> Ana Furtado mostra semelhan\u00e7a com a filha <\/p>\n<p>Tempos atr\u00e1s, Ana Furtado impressionou ao mostrar uma foto de sua juventude, quando estava na casa dos 20 anos. O clique provou como a filha lembra bastante ela. Durante muito tempo, os internautas diziam que a garota \u00e9 a cara do pai. Contudo, com esse registro, muita gente apontou que Isabella tamb\u00e9m \u00e9 muito semelhante \u00e0 m\u00e3e. <a href=\"https:\/\/caras.com.br\/atualidades\/ana-furtado-relembra-foto-do-passado-e-impressiona-com-semelhanca-da-filha.phtml\" rel=\"nofollow noopener\" target=\"_blank\">Veja a foto aqui<\/a>!<\/p>\n<p>        <a href=\"https:\/\/caras.com.br\/autor\/nataly-paschoal\" rel=\"nofollow noopener\" target=\"_blank\">&#13;<br \/>\n          <img loading=\"lazy\" decoding=\"async\" alt=\"Nataly Paschoal\" src=\"https:\/\/www.europesays.com\/pt\/wp-content\/uploads\/2025\/11\/nataly-paschoal_sqmd.jpg\" class=\"avatar avatar-115 photo rounded-circle\" height=\"115\" width=\"115\"\/>        <\/a><\/p>\n<p><b>Nataly Paschoal <\/b>\u00e9 rep\u00f3rter de conte\u00fado do site CARAS. Formada em jornalismo pela Faculdade C\u00e1sper L\u00edbero, ela j\u00e1 passou por sites como Todateen, Sportlife e espnW. Escreve sobre celebridades, TV, reality show e novelas.<\/p>\n<ul class=\"terms-list post_tag list-inline\">\n<li class=\"ana-furtado list-inline-item\">\n\t\t\t\t\t<a href=\"https:\/\/caras.com.br\/tags\/ana-furtado\" class=\"item-category\" rel=\"nofollow noopener\" target=\"_blank\">Ana Furtado<\/a>\n\t\t\t\t<\/li>\n<li class=\"filha-ana-furtado list-inline-item\">\n\t\t\t\t\t<a href=\"https:\/\/caras.com.br\/tags\/filha-ana-furtado\" class=\"item-category\" rel=\"nofollow noopener\" target=\"_blank\">filha Ana Furtado<\/a>\n\t\t\t\t<\/li>\n<\/ul>\n<p>\t                                            <script async src=\"\/\/www.instagram.com\/embed.js\"><\/script><\/p>\n","protected":false},"excerpt":{"rendered":"A apresentadora Ana Furtado compartilhou novas fotos de sua viagem por Nova York. Neste domingo, 07, a famosa&hellip;\n","protected":false},"author":2,"featured_media":180084,"comment_status":"","ping_status":"","sticky":false,"template":"","format":"standard","meta":{"footnotes":""},"categories":[145],"tags":[32530,211,210,114,115,36942,32,33],"class_list":{"0":"post-180083","1":"post","2":"type-post","3":"status-publish","4":"format-standard","5":"has-post-thumbnail","7":"category-celebridades","8":"tag-ana-furtado","9":"tag-celebridades","10":"tag-celebrities","11":"tag-entertainment","12":"tag-entretenimento","13":"tag-filha-ana-furtado","14":"tag-portugal","15":"tag-pt"},"share_on_mastodon":{"url":"https:\/\/pubeurope.com\/@pt\/115684450468914905","error":""},"_links":{"self":[{"href":"https:\/\/www.europesays.com\/pt\/wp-json\/wp\/v2\/posts\/180083","targetHints":{"allow":["GET"]}}],"collection":[{"href":"https:\/\/www.europesays.com\/pt\/wp-json\/wp\/v2\/posts"}],"about":[{"href":"https:\/\/www.europesays.com\/pt\/wp-json\/wp\/v2\/types\/post"}],"author":[{"embeddable":true,"href":"https:\/\/www.europesays.com\/pt\/wp-json\/wp\/v2\/users\/2"}],"replies":[{"embeddable":true,"href":"https:\/\/www.europesays.com\/pt\/wp-json\/wp\/v2\/comments?post=180083"}],"version-history":[{"count":0,"href":"https:\/\/www.europesays.com\/pt\/wp-json\/wp\/v2\/posts\/180083\/revisions"}],"wp:featuredmedia":[{"embeddable":true,"href":"https:\/\/www.europesays.com\/pt\/wp-json\/wp\/v2\/media\/180084"}],"wp:attachment":[{"href":"https:\/\/www.europesays.com\/pt\/wp-json\/wp\/v2\/media?parent=180083"}],"wp:term":[{"taxonomy":"category","embeddable":true,"href":"https:\/\/www.europesays.com\/pt\/wp-json\/wp\/v2\/categories?post=180083"},{"taxonomy":"post_tag","embeddable":true,"href":"https:\/\/www.europesays.com\/pt\/wp-json\/wp\/v2\/tags?post=180083"}],"curies":[{"name":"wp","href":"https:\/\/api.w.org\/{rel}","templated":true}]}}