{"id":180120,"date":"2025-12-08T15:03:24","date_gmt":"2025-12-08T15:03:24","guid":{"rendered":"https:\/\/www.europesays.com\/pt\/180120\/"},"modified":"2025-12-08T15:03:24","modified_gmt":"2025-12-08T15:03:24","slug":"cotrim-figueiredo-marques-mendes-polemica-sobre-pressoes-incendeia-confronto-a-direita","status":"publish","type":"post","link":"https:\/\/www.europesays.com\/pt\/180120\/","title":{"rendered":"Cotrim Figueiredo &#8211; Marques Mendes: pol\u00e9mica sobre &#8220;press\u00f5es&#8221; incendeia confronto \u00e0 Direita"},"content":{"rendered":"<p data-remotead-prev-elm=\"true\" data-remotead-elm-id=\"inread\">O frente a frente de ontem, na CNN, entre Jo\u00e3o Cotrim Figueiredo, apoiado pela IL, e Lu\u00eds Marques Mendes, que congrega o apoio de PSD e CDS, arrancou a ferro e fogo, com o social-democrata a contornar a primeira quest\u00e3o, sobre a greve geral, e a acusar o oponente de lhe ter dirigido uma &#8220;acusa\u00e7\u00e3o muito s\u00e9ria e muito grave, n\u00e3o concretizada&#8221;, relacionada com as alegadas press\u00f5es de apoiantes de Mendes para que Figueiredo se retirasse da corrida a Bel\u00e9m, exigindo que este identificasse os implicados, sem obter resposta.<\/p>\n<blockquote data-type=\"articles\" data-id=\"related-article-18027911\"><p>\n              <strong>Leia tamb\u00e9m <\/strong><br \/>\n              <a href=\"https:\/\/www.jn.pt\/nacional\/artigo\/as-notas-do-jn-ao-debate-cotrim-figueiredo---marques-mendes\/18027911\" rel=\"nofollow noopener\" target=\"_blank\">As notas do JN ao debate Cotrim Figueiredo &#8211; Marques Mendes<\/a>\n            <\/p><\/blockquote>\n<p>&#8220;Quando \u00e9 que eu o pressionei?&#8221;, &#8220;quais as pessoas que, em meu nome, o pressionaram?&#8221;, atirou Marques Mendes ao seu opositor. &#8220;Eu nunca disse que me tinha contactado, nunca falei em si&#8221;, respondeu Cotrim Figuereido, referindo depois que &#8220;apoiantes destacados&#8221;, que presumiu que fossem da candidatura do social-democrata, o pressionaram, recusando-se a identific\u00e1-los e assinalando que tamb\u00e9m o candidato Henrique Gouveia e Melo havia referido press\u00f5es. &#8220;N\u00e3o o ouvi dizer nada sobre isso. \u00c9 sinal que a minha candidatura \u00e9 muito mais perigosa para si que a de Gouveia e Melo&#8221;, atirou. Marques Mendes l\u00e1 foi insistindo na &#8220;acusa\u00e7\u00e3o grave&#8221;, dizendo que Cotrim se comportava &#8220;como uma esp\u00e9cie de Andr\u00e9 Ventura envergonhado&#8221;.<\/p>\n<p>Conselho de Estado<\/p>\n<blockquote data-type=\"articles\" data-id=\"related-article-18027901\"><p>\n              <strong>Leia tamb\u00e9m <\/strong><br \/>\n              <a href=\"https:\/\/www.jn.pt\/nacional\/artigo\/quem-ganhou-o-debate-entre-cotrim-figueiredo-e-marques-mendes\/18027901\" rel=\"nofollow noopener\" target=\"_blank\">Quem ganhou o debate entre Cotrim Figueiredo e Marques Mendes<\/a>\n            <\/p><\/blockquote>\n<p>Avan\u00e7ando o debate para as quest\u00f5es pol\u00edticas e o que distingue os dois candidatos, num cen\u00e1rio de pulveriza\u00e7\u00e3o de votos, Cotrim lan\u00e7ou: &#8220;Sei que sou diferente, porque n\u00e3o tenho uma carreira pol\u00edtica de 50 anos, mas tenho muita experi\u00eancia noutras \u00e1reas&#8221;. Mostrando de seguida n\u00e3o ser a favor dos pactos que Marques Mendes tem defendido, criticando a proposta do social-democrata de incluir um jovem no Conselho de Estado (CE), e identificando-se como &#8220;o candidato que mais fala de crescimento econ\u00f3mico&#8221;.<\/p>\n<p data-remotead-prev-elm=\"true\" data-remotead-elm-id=\"centro1\">Marques Mendes insistiu na necessidade de &#8220;consensos&#8221; em \u00e1reas como a justi\u00e7a, defendendo que o chefe de Estado &#8220;tem que ser moderado mas n\u00e3o mole, ser firme&#8221;, mantendo a sua proposta de inclus\u00e3o de um jovem no &#8220;\u00fanico \u00f3rg\u00e3o que junta \u00e0 mesa o presidente da Rep\u00fablica, o primeiro-ministro e o l\u00edder da oposi\u00e7\u00e3o&#8221;.<\/p>\n<p>Recuperada a quest\u00e3o pendurada da reforma laboral, Marques Mendes considerou que &#8220;o Governo tem toda a legitimidade para a fazer&#8221;. Se Figueiredo promulgaria a vers\u00e3o mais recente do anteprojeto, Mendes n\u00e3o se pronuncia enquanto n\u00e3o houver &#8220;um texto final&#8221;, apelando ao &#8220;di\u00e1logo social&#8221;.<\/p>\n","protected":false},"excerpt":{"rendered":"O frente a frente de ontem, na CNN, entre Jo\u00e3o Cotrim Figueiredo, apoiado pela IL, e Lu\u00eds Marques&hellip;\n","protected":false},"author":2,"featured_media":180121,"comment_status":"","ping_status":"","sticky":false,"template":"","format":"standard","meta":{"footnotes":""},"categories":[8],"tags":[27,28,15,16,14,9520,25,26,21,22,24788,619,12,13,19,20,32,5215,1076,23,24,33,17,18,29,30,31],"class_list":{"0":"post-180120","1":"post","2":"type-post","3":"status-publish","4":"format-standard","5":"has-post-thumbnail","7":"category-principais-noticias","8":"tag-breaking-news","9":"tag-breakingnews","10":"tag-featured-news","11":"tag-featurednews","12":"tag-headlines","13":"tag-joao-cotrim-figueiredo","14":"tag-latest-news","15":"tag-latestnews","16":"tag-main-news","17":"tag-mainnews","18":"tag-marques-mendes","19":"tag-nacional","20":"tag-news","21":"tag-noticias","22":"tag-noticias-principais","23":"tag-noticiasprincipais","24":"tag-portugal","25":"tag-presidenciais","26":"tag-presidenciais-2026","27":"tag-principais-noticias","28":"tag-principaisnoticias","29":"tag-pt","30":"tag-top-stories","31":"tag-topstories","32":"tag-ultimas","33":"tag-ultimas-noticias","34":"tag-ultimasnoticias"},"share_on_mastodon":{"url":"https:\/\/pubeurope.com\/@pt\/115684560449421173","error":""},"_links":{"self":[{"href":"https:\/\/www.europesays.com\/pt\/wp-json\/wp\/v2\/posts\/180120","targetHints":{"allow":["GET"]}}],"collection":[{"href":"https:\/\/www.europesays.com\/pt\/wp-json\/wp\/v2\/posts"}],"about":[{"href":"https:\/\/www.europesays.com\/pt\/wp-json\/wp\/v2\/types\/post"}],"author":[{"embeddable":true,"href":"https:\/\/www.europesays.com\/pt\/wp-json\/wp\/v2\/users\/2"}],"replies":[{"embeddable":true,"href":"https:\/\/www.europesays.com\/pt\/wp-json\/wp\/v2\/comments?post=180120"}],"version-history":[{"count":0,"href":"https:\/\/www.europesays.com\/pt\/wp-json\/wp\/v2\/posts\/180120\/revisions"}],"wp:featuredmedia":[{"embeddable":true,"href":"https:\/\/www.europesays.com\/pt\/wp-json\/wp\/v2\/media\/180121"}],"wp:attachment":[{"href":"https:\/\/www.europesays.com\/pt\/wp-json\/wp\/v2\/media?parent=180120"}],"wp:term":[{"taxonomy":"category","embeddable":true,"href":"https:\/\/www.europesays.com\/pt\/wp-json\/wp\/v2\/categories?post=180120"},{"taxonomy":"post_tag","embeddable":true,"href":"https:\/\/www.europesays.com\/pt\/wp-json\/wp\/v2\/tags?post=180120"}],"curies":[{"name":"wp","href":"https:\/\/api.w.org\/{rel}","templated":true}]}}