{"id":18021,"date":"2025-08-06T07:04:12","date_gmt":"2025-08-06T07:04:12","guid":{"rendered":"https:\/\/www.europesays.com\/pt\/18021\/"},"modified":"2025-08-06T07:04:12","modified_gmt":"2025-08-06T07:04:12","slug":"ryanair-aumenta-bagagem-de-mao-gratuita-e-antecipa-se-as-regras-europeias-oguia","status":"publish","type":"post","link":"https:\/\/www.europesays.com\/pt\/18021\/","title":{"rendered":"Ryanair aumenta bagagem de m\u00e3o gratuita e antecipa-se \u00e0s regras europeias &#8211; oGuia"},"content":{"rendered":"\n<p>A Ryanair anunciou oficialmente o aumento das dimens\u00f5es da bagagem de m\u00e3o gratuita, antecipando-se \u00e0s normas que est\u00e3o a ser discutidas a n\u00edvel europeu. A nova medida j\u00e1 est\u00e1 em vigor e representa um aumento de 20% em rela\u00e7\u00e3o ao tamanho anterior.<\/p>\n<p>Com esta atualiza\u00e7\u00e3o, os passageiros podem agora transportar gratuitamente uma mala com <strong>40 x 30 x 20 cm<\/strong>, face aos anteriores <strong>40 x 25 x 20 cm<\/strong>. Esta bagagem deve continuar a caber debaixo do assento da frente e oferece agora uma capacidade de <strong>24 litros<\/strong>.<\/p>\n<p>A medida posiciona a Ryanair acima da proposta da Uni\u00e3o Europeia, que defende um limite m\u00e1ximo de <strong>40 x 30 x 15 cm<\/strong> para malas de m\u00e3o essenciais. A proposta comunit\u00e1ria ainda est\u00e1 em discuss\u00e3o, sendo que pa\u00edses como <strong>Portugal, Espanha, Irlanda<\/strong> e <strong>Cro\u00e1cia<\/strong> manifestaram oposi\u00e7\u00e3o.<\/p>\n<p><img decoding=\"async\" src=\"https:\/\/www.europesays.com\/pt\/wp-content\/uploads\/2025\/08\/PT_CREA-5791_Help-Centre-Bags_Desktop_JUL25.jpg\" xss=\"removed\" class=\"img-responsive\"\/><\/p>\n<p>A transportadora a\u00e9rea irlandesa, conhecida pelas suas tarifas \u201clow-cost\u201d, mant\u00e9m as restantes regras inalteradas: malas de cabine (colocadas no compartimento superior) e de por\u00e3o continuam a estar sujeitas a pagamento.<\/p>\n<p>Apesar da entrada em vigor da nova pol\u00edtica, a Ryanair ainda est\u00e1 a aguardar a chegada de novos medidores de bagagem aos aeroportos europeus, para facilitar a verifica\u00e7\u00e3o do tamanho por parte dos passageiros.<\/p>\n<p>Este movimento estrat\u00e9gico refor\u00e7a a posi\u00e7\u00e3o da Ryanair como l\u00edder em inova\u00e7\u00e3o no setor da avia\u00e7\u00e3o econ\u00f3mica, oferecendo mais comodidade aos viajantes e antecipando-se \u00e0s futuras exig\u00eancias do mercado europeu.<\/p>\n","protected":false},"excerpt":{"rendered":"A Ryanair anunciou oficialmente o aumento das dimens\u00f5es da bagagem de m\u00e3o gratuita, antecipando-se \u00e0s normas que est\u00e3o&hellip;\n","protected":false},"author":2,"featured_media":18022,"comment_status":"","ping_status":"","sticky":false,"template":"","format":"standard","meta":{"footnotes":""},"categories":[83],"tags":[324,88,89,90,13,32,33,6722,1080],"class_list":{"0":"post-18021","1":"post","2":"type-post","3":"status-publish","4":"format-standard","5":"has-post-thumbnail","7":"category-empresas","8":"tag-aviao","9":"tag-business","10":"tag-economy","11":"tag-empresas","12":"tag-noticias","13":"tag-portugal","14":"tag-pt","15":"tag-ryanair","16":"tag-viagens"},"share_on_mastodon":{"url":"","error":""},"_links":{"self":[{"href":"https:\/\/www.europesays.com\/pt\/wp-json\/wp\/v2\/posts\/18021","targetHints":{"allow":["GET"]}}],"collection":[{"href":"https:\/\/www.europesays.com\/pt\/wp-json\/wp\/v2\/posts"}],"about":[{"href":"https:\/\/www.europesays.com\/pt\/wp-json\/wp\/v2\/types\/post"}],"author":[{"embeddable":true,"href":"https:\/\/www.europesays.com\/pt\/wp-json\/wp\/v2\/users\/2"}],"replies":[{"embeddable":true,"href":"https:\/\/www.europesays.com\/pt\/wp-json\/wp\/v2\/comments?post=18021"}],"version-history":[{"count":0,"href":"https:\/\/www.europesays.com\/pt\/wp-json\/wp\/v2\/posts\/18021\/revisions"}],"wp:featuredmedia":[{"embeddable":true,"href":"https:\/\/www.europesays.com\/pt\/wp-json\/wp\/v2\/media\/18022"}],"wp:attachment":[{"href":"https:\/\/www.europesays.com\/pt\/wp-json\/wp\/v2\/media?parent=18021"}],"wp:term":[{"taxonomy":"category","embeddable":true,"href":"https:\/\/www.europesays.com\/pt\/wp-json\/wp\/v2\/categories?post=18021"},{"taxonomy":"post_tag","embeddable":true,"href":"https:\/\/www.europesays.com\/pt\/wp-json\/wp\/v2\/tags?post=18021"}],"curies":[{"name":"wp","href":"https:\/\/api.w.org\/{rel}","templated":true}]}}