{"id":180222,"date":"2025-12-08T16:29:10","date_gmt":"2025-12-08T16:29:10","guid":{"rendered":"https:\/\/www.europesays.com\/pt\/180222\/"},"modified":"2025-12-08T16:29:10","modified_gmt":"2025-12-08T16:29:10","slug":"camara-de-gaia-coloca-lombas-e-mais-luz-na-marginal-apos-atropelamento-mortal","status":"publish","type":"post","link":"https:\/\/www.europesays.com\/pt\/180222\/","title":{"rendered":"C\u00e2mara de Gaia coloca lombas e mais luz na marginal ap\u00f3s atropelamento mortal"},"content":{"rendered":"<p data-remotead-prev-elm=\"true\" data-remotead-elm-id=\"inread\">O atropelamento de um casal por um condutor em excesso de velocidade, que levou \u00e0 morte de um homem de 65 anos, na Avenida Beira-Mar, em Canidelo, no concelho de Gaia, reaviva as queixas de moradores e de comerciantes locais, alertando para os aceleras noturnos na marginal. A C\u00e2mara gaiense reconhece que \u00e9 urgente tornar a via da frente mar\u00edtima mais segura, sobretudo entre Lavadores e Madalena, e vai melhorar a ilumina\u00e7\u00e3o p\u00fablica e instalar lombas ou elevar as passadeiras para os pe\u00f5es. Entre janeiro e junho deste ano, morreram 13 pessoas atropeladas, 177 ficaram gravemente feridas e 2513 sofreram ferimentos ligeiros em todo o pa\u00eds.<\/p>\n","protected":false},"excerpt":{"rendered":"O atropelamento de um casal por um condutor em excesso de velocidade, que levou \u00e0 morte de um&hellip;\n","protected":false},"author":2,"featured_media":180223,"comment_status":"","ping_status":"","sticky":false,"template":"","format":"standard","meta":{"footnotes":""},"categories":[10],"tags":[2240,27,28,19635,15,16,14,25,26,21,22,12,13,19,20,32,23,24,33,17,18,29,30,31],"class_list":{"0":"post-180222","1":"post","2":"type-post","3":"status-publish","4":"format-standard","5":"has-post-thumbnail","7":"category-portugal","8":"tag-atropelamento","9":"tag-breaking-news","10":"tag-breakingnews","11":"tag-concelho-vila-nova-de-gaia","12":"tag-featured-news","13":"tag-featurednews","14":"tag-headlines","15":"tag-latest-news","16":"tag-latestnews","17":"tag-main-news","18":"tag-mainnews","19":"tag-news","20":"tag-noticias","21":"tag-noticias-principais","22":"tag-noticiasprincipais","23":"tag-portugal","24":"tag-principais-noticias","25":"tag-principaisnoticias","26":"tag-pt","27":"tag-top-stories","28":"tag-topstories","29":"tag-ultimas","30":"tag-ultimas-noticias","31":"tag-ultimasnoticias"},"share_on_mastodon":{"url":"https:\/\/pubeurope.com\/@pt\/115684898420289127","error":""},"_links":{"self":[{"href":"https:\/\/www.europesays.com\/pt\/wp-json\/wp\/v2\/posts\/180222","targetHints":{"allow":["GET"]}}],"collection":[{"href":"https:\/\/www.europesays.com\/pt\/wp-json\/wp\/v2\/posts"}],"about":[{"href":"https:\/\/www.europesays.com\/pt\/wp-json\/wp\/v2\/types\/post"}],"author":[{"embeddable":true,"href":"https:\/\/www.europesays.com\/pt\/wp-json\/wp\/v2\/users\/2"}],"replies":[{"embeddable":true,"href":"https:\/\/www.europesays.com\/pt\/wp-json\/wp\/v2\/comments?post=180222"}],"version-history":[{"count":0,"href":"https:\/\/www.europesays.com\/pt\/wp-json\/wp\/v2\/posts\/180222\/revisions"}],"wp:featuredmedia":[{"embeddable":true,"href":"https:\/\/www.europesays.com\/pt\/wp-json\/wp\/v2\/media\/180223"}],"wp:attachment":[{"href":"https:\/\/www.europesays.com\/pt\/wp-json\/wp\/v2\/media?parent=180222"}],"wp:term":[{"taxonomy":"category","embeddable":true,"href":"https:\/\/www.europesays.com\/pt\/wp-json\/wp\/v2\/categories?post=180222"},{"taxonomy":"post_tag","embeddable":true,"href":"https:\/\/www.europesays.com\/pt\/wp-json\/wp\/v2\/tags?post=180222"}],"curies":[{"name":"wp","href":"https:\/\/api.w.org\/{rel}","templated":true}]}}