{"id":180226,"date":"2025-12-08T16:36:14","date_gmt":"2025-12-08T16:36:14","guid":{"rendered":"https:\/\/www.europesays.com\/pt\/180226\/"},"modified":"2025-12-08T16:36:14","modified_gmt":"2025-12-08T16:36:14","slug":"dylan-responde-a-vera-em-plena-gala-e-a-tensao-sobe-nao-estou-minimamente-importado-secret-story","status":"publish","type":"post","link":"https:\/\/www.europesays.com\/pt\/180226\/","title":{"rendered":"Dylan responde a Vera em plena gala e a tens\u00e3o sobe: \u00abN\u00e3o estou minimamente importado\u00bb &#8211; Secret Story"},"content":{"rendered":"<p>A aus\u00eancia de Vera na gala de ontem do Secret Story 9 foi tema entre Dylan &#8211; com quem Vera teve um envolvimento dentro do Secret Story 9 (<a href=\"https:\/\/tvi.iol.pt\/secretstory\/dylan\/vera\/em-choque-dylan-reage-ao-fenomeno-vera-se-fosse-eu-a-enfiar-lhe-quatro-chapadas\" rel=\"nofollow noopener\" target=\"_blank\">que acabou com uma agress\u00e3o que a levou \u00e0 expuls\u00e3o<\/a>) &#8211; e Cristina Ferreira, que lhe perguntou se eles j\u00e1 tinham estado juntos.\u00a0<\/p>\n<p>Ap\u00f3s Dylan a ter acusado de ter medo de se encontrar com ele, Vera reagiu prontamente nas redes sociais e negou que tenha sido esse o motivo, considerando que o que ele disse foi \u00abcompletamente deturpado\u00bb e at\u00e9 mesmo \u00ababsurdo\u00bb.\u00a0<\/p>\n<p>J\u00e1 no fim da gala, ainda em direto, Cristina Ferreira voltou a confrontar Dylan sobre a resposta de Vera e ele reagiu: \u00abEu j\u00e1 estou arrependido, eu n\u00e3o quero estar aqui com problemas, muito menos com a Vera, eu n\u00e3o disse aquilo com aquele intuito que ela pensa, aproveito para esclarecer agora\u00bb.\u00a0<\/p>\n<p>\u00abPortanto ela escusa de pensar isso que eu n\u00e3o estou minimamente importado mesmo nada com ela e para mim aquilo acabou l\u00e1 dentro e est\u00e1 tudo bem, tudo limpinho\u00bb, concluiu o ex-concorrente.\u00a0<\/p>\n<p><strong>Recorde a pol\u00e9mica<\/strong><\/p>\n<p>Durante a gala, Dylan acusou Vera de n\u00e3o ir \u00e0s galas com medo de se encontrar com ele: \u00abEla tem medo de vir, na semana passada n\u00e3o veio, devia saber que eu ia sair, esta semana eu estou c\u00e1 tamb\u00e9m n\u00e3o veio. A ver se vem para a semana\u00bb, disse.\u00a0<\/p>\n<p>Vera n\u00e3o sei deixou ficar e mesmo n\u00e3o estando em est\u00fadio respondeu a Dylan e foi implac\u00e1vel: \u00abQuero esclarecer um ponto que foi completamente deturpado: n\u00e3o faltei a nenhuma gala por medo de ningu\u00e9m\u00bb, disse.\u00a0<\/p>\n<p>\u00abEsta narrativa \u00e9 t\u00e3o absurda quanto conveniente para quem precisa de inventar hist\u00f3rias para se manter relevante. Durante o programa mostrei v\u00e1rias vezes que n\u00e3o me intimido com provoca\u00e7\u00f5es e quem acompanhou sabe disso perfeitamente\u00bb, acrescentou.\u00a0\u00a0<\/p>\n<p><img loading=\"lazy\" decoding=\"async\" alt=\"\" height=\"659\" src=\"https:\/\/www.europesays.com\/pt\/wp-content\/uploads\/2025\/12\/69360ecbd34e3caad84c21bc.webp\" width=\"400\"\/><\/p>\n<p>Vera continuou a explica\u00e7\u00e3o: \u00abA verdade \u00e9 simples: eu n\u00e3o fui \u00e0s galas porque tenho uma vida c\u00e1 fora, com responsabilidades e prioridades reais. A minha imagem, o meu tempo e o meu bem-estar valem muito mais (&#8230;) fiz uma escolha consciente de preservar aquilo que realmente importa: a minha vida, o meu trabalho e a minha dignidade e estar com as minhas filhas\u00bb.<\/p>\n<p>Horas antes, <a href=\"https:\/\/tvi.iol.pt\/secretstory\/vera\/dylan\/vera-celebra-expulsao-de-dylan-e-defende-se-de-criticas-mais-vergonha-tinha-eu-de\" rel=\"nofollow noopener\" target=\"_blank\">Vera j\u00e1 tinha recorrido \u00e0s redes sociais <\/a>antecipando-se a explicar o porqu\u00ea de n\u00e3o marcar presen\u00e7a na gala desta noite e segundo a mesma, nada tem a ver com Dylan ou com qualquer outro ex-concorrente, mas sim com motivos pessoais.\u00a0<\/p>\n<p><img loading=\"lazy\" decoding=\"async\" alt=\"\" height=\"717\" src=\"https:\/\/www.europesays.com\/pt\/wp-content\/uploads\/2025\/12\/69360aa3d34e2bd5c6d4d992.webp\" width=\"400\"\/><\/p>\n<p>\u00abDevido \u00e0s imensas mensagens a perguntar se vou \u00e0 gala hoje, fa\u00e7o esta publica\u00e7\u00e3o para ser mais f\u00e1cil responder: N\u00e3o, n\u00e3o vou \u00e0 gala hoje. Ontem foi um dia super divertido, sinto-me cansada, preciso descansar e acima de tudo estar com as minhas princesas (filhas)\u00bb, afirmou.<\/p>\n<p>Na mesma mensagem &#8211; publicada nos stories do Instagram &#8211; Vera rematou com uma revela\u00e7\u00e3o e um agradecimento: \u00abAmanh\u00e3 temos um dia especial em fam\u00edlia. Beijo e boa gala a todos, obrigada por todo o carinho\u00bb, afirmou.\u00a0<\/p>\n<p>\u00a0<\/p>\n<p>\u00a0<\/p>\n","protected":false},"excerpt":{"rendered":"A aus\u00eancia de Vera na gala de ontem do Secret Story 9 foi tema entre Dylan &#8211; com&hellip;\n","protected":false},"author":2,"featured_media":180227,"comment_status":"","ping_status":"","sticky":false,"template":"","format":"standard","meta":{"footnotes":""},"categories":[142],"tags":[18706,19105,114,115,18705,32,33,151,11841,18704],"class_list":{"0":"post-180226","1":"post","2":"type-post","3":"status-publish","4":"format-standard","5":"has-post-thumbnail","7":"category-tv","8":"tag-bastidores-secret-story","9":"tag-dylan","10":"tag-entertainment","11":"tag-entretenimento","12":"tag-entrevistas-concorrentes-tvi","13":"tag-portugal","14":"tag-pt","15":"tag-tv","16":"tag-vera","17":"tag-vida-fora-da-casa"},"share_on_mastodon":{"url":"https:\/\/pubeurope.com\/@pt\/115684926277132444","error":""},"_links":{"self":[{"href":"https:\/\/www.europesays.com\/pt\/wp-json\/wp\/v2\/posts\/180226","targetHints":{"allow":["GET"]}}],"collection":[{"href":"https:\/\/www.europesays.com\/pt\/wp-json\/wp\/v2\/posts"}],"about":[{"href":"https:\/\/www.europesays.com\/pt\/wp-json\/wp\/v2\/types\/post"}],"author":[{"embeddable":true,"href":"https:\/\/www.europesays.com\/pt\/wp-json\/wp\/v2\/users\/2"}],"replies":[{"embeddable":true,"href":"https:\/\/www.europesays.com\/pt\/wp-json\/wp\/v2\/comments?post=180226"}],"version-history":[{"count":0,"href":"https:\/\/www.europesays.com\/pt\/wp-json\/wp\/v2\/posts\/180226\/revisions"}],"wp:featuredmedia":[{"embeddable":true,"href":"https:\/\/www.europesays.com\/pt\/wp-json\/wp\/v2\/media\/180227"}],"wp:attachment":[{"href":"https:\/\/www.europesays.com\/pt\/wp-json\/wp\/v2\/media?parent=180226"}],"wp:term":[{"taxonomy":"category","embeddable":true,"href":"https:\/\/www.europesays.com\/pt\/wp-json\/wp\/v2\/categories?post=180226"},{"taxonomy":"post_tag","embeddable":true,"href":"https:\/\/www.europesays.com\/pt\/wp-json\/wp\/v2\/tags?post=180226"}],"curies":[{"name":"wp","href":"https:\/\/api.w.org\/{rel}","templated":true}]}}