{"id":180242,"date":"2025-12-08T16:45:39","date_gmt":"2025-12-08T16:45:39","guid":{"rendered":"https:\/\/www.europesays.com\/pt\/180242\/"},"modified":"2025-12-08T16:45:39","modified_gmt":"2025-12-08T16:45:39","slug":"gouveia-e-melo-denuncia-pressoes-para-retirarem-lhe-apoios-observador","status":"publish","type":"post","link":"https:\/\/www.europesays.com\/pt\/180242\/","title":{"rendered":"Gouveia e Melo denuncia press\u00f5es para retirarem-lhe apoios \u2013 Observador"},"content":{"rendered":"<p>O candidato, que falava aos jornalistas \u00e0 margem de uma reuni\u00e3o com membros da Universidade do Algarve, em Faro, justificou-se dizendo que n\u00e3o seria na comunica\u00e7\u00e3o social que iria divulgar nomes e que se achasse que tinha havido um crime, faria a den\u00fancia no s\u00edtio certo.<\/p>\n<p>\u201cSim, foi mais que um caso. De candidaturas que j\u00e1 tinham sido assinadas e depois pediram para tirar a candidatura por press\u00e3o superior, se lhe posso chamar assim\u201d, referiu, sem querer indicar nomes.<\/p>\n<p>Numa <a href=\"https:\/\/www.jn.pt\/nacional\/artigo\/gouveia-e-melo-com-o-codigo-do-trabalho-que-temos-a-produtividade-ate-tem-aumentado\/18027841\" rel=\"nofollow noopener\" target=\"_blank\">entrevista<\/a> \u00e0 TSF e ao Jornal de Not\u00edcias hoje divulgada, Henrique Gouveia e Melo j\u00e1 tinha denunciado tamb\u00e9m \u201cuma press\u00e3o tremenda dos partidos\u201d para que os seus membros se afastassem da sua candidatura, defendendo que \u201cn\u00e3o podem usar o poder das estruturas do Estado para condicionar eleitores\u201d.<\/p>\n<p>O candidato criticou ainda o \u201ccompadrio\u201d do sistema de partidos em Portugal, que diz que tem limitado os apoios p\u00fablicos \u00e0 sua candidatura que, insistiu, vem de fora do sistema. \u201cN\u00e3o estamos a viver numa democracia plena, estamos a viver numa democracia tribal. As pessoas n\u00e3o est\u00e3o livres de decidir\u201d, afirmou.<\/p>\n<p>Questionado sobre como se pode inverter essas tentativas de condicionamento, o candidato a Bel\u00e9m referiu que \u00e9 preciso \u201cperceber verdadeiramente o que \u00e9 a democracia\u201d, argumentando tratar-se de uma quest\u00e3o cultural.<\/p>\n<p>\u201c[A exist\u00eancia de press\u00f5es] \u00c9 cultural. Isto \u00e9 um problema cultural. E n\u00f3s temos que perceber que n\u00e3o podemos condicionar ningu\u00e9m. Muito menos usar o poder, direto ou indireto, para condicionar op\u00e7\u00f5es. Quem n\u00e3o pensa assim n\u00e3o \u00e9 verdadeiramente democrata\u201d, concluiu.<\/p>\n","protected":false},"excerpt":{"rendered":"O candidato, que falava aos jornalistas \u00e0 margem de uma reuni\u00e3o com membros da Universidade do Algarve, em&hellip;\n","protected":false},"author":2,"featured_media":180243,"comment_status":"","ping_status":"","sticky":false,"template":"","format":"standard","meta":{"footnotes":""},"categories":[10],"tags":[7605,27,28,1077,15,16,14,25,26,21,22,12,13,19,20,302,32,1076,23,24,33,17,18,29,30,31],"class_list":{"0":"post-180242","1":"post","2":"type-post","3":"status-publish","4":"format-standard","5":"has-post-thumbnail","7":"category-portugal","8":"tag-almirante-gouveia-e-melo","9":"tag-breaking-news","10":"tag-breakingnews","11":"tag-eleiu00e7u00f5es","12":"tag-featured-news","13":"tag-featurednews","14":"tag-headlines","15":"tag-latest-news","16":"tag-latestnews","17":"tag-main-news","18":"tag-mainnews","19":"tag-news","20":"tag-noticias","21":"tag-noticias-principais","22":"tag-noticiasprincipais","23":"tag-polu00edtica","24":"tag-portugal","25":"tag-presidenciais-2026","26":"tag-principais-noticias","27":"tag-principaisnoticias","28":"tag-pt","29":"tag-top-stories","30":"tag-topstories","31":"tag-ultimas","32":"tag-ultimas-noticias","33":"tag-ultimasnoticias"},"share_on_mastodon":{"url":"https:\/\/pubeurope.com\/@pt\/115684961362863934","error":""},"_links":{"self":[{"href":"https:\/\/www.europesays.com\/pt\/wp-json\/wp\/v2\/posts\/180242","targetHints":{"allow":["GET"]}}],"collection":[{"href":"https:\/\/www.europesays.com\/pt\/wp-json\/wp\/v2\/posts"}],"about":[{"href":"https:\/\/www.europesays.com\/pt\/wp-json\/wp\/v2\/types\/post"}],"author":[{"embeddable":true,"href":"https:\/\/www.europesays.com\/pt\/wp-json\/wp\/v2\/users\/2"}],"replies":[{"embeddable":true,"href":"https:\/\/www.europesays.com\/pt\/wp-json\/wp\/v2\/comments?post=180242"}],"version-history":[{"count":0,"href":"https:\/\/www.europesays.com\/pt\/wp-json\/wp\/v2\/posts\/180242\/revisions"}],"wp:featuredmedia":[{"embeddable":true,"href":"https:\/\/www.europesays.com\/pt\/wp-json\/wp\/v2\/media\/180243"}],"wp:attachment":[{"href":"https:\/\/www.europesays.com\/pt\/wp-json\/wp\/v2\/media?parent=180242"}],"wp:term":[{"taxonomy":"category","embeddable":true,"href":"https:\/\/www.europesays.com\/pt\/wp-json\/wp\/v2\/categories?post=180242"},{"taxonomy":"post_tag","embeddable":true,"href":"https:\/\/www.europesays.com\/pt\/wp-json\/wp\/v2\/tags?post=180242"}],"curies":[{"name":"wp","href":"https:\/\/api.w.org\/{rel}","templated":true}]}}