{"id":180256,"date":"2025-12-08T16:57:09","date_gmt":"2025-12-08T16:57:09","guid":{"rendered":"https:\/\/www.europesays.com\/pt\/180256\/"},"modified":"2025-12-08T16:57:09","modified_gmt":"2025-12-08T16:57:09","slug":"69-em-portugal-eurobarometro-mostra-que-euro-conserva-apoio-dos-cidadaos","status":"publish","type":"post","link":"https:\/\/www.europesays.com\/pt\/180256\/","title":{"rendered":"69% em Portugal. Eurobar\u00f3metro mostra que euro conserva apoio dos cidad\u00e3os"},"content":{"rendered":"<p>                O \u00faltimo <b><a href=\"https:\/\/europa.eu\/eurobarometer\/surveys\/detail\/3385\" target=\"_blank\" rel=\"nofollow noopener\">Eurobar\u00f3metro<\/a><\/b> realizado pela Comiss\u00e3o Europeia, cujos resultados foram conhecidos esta segunda-feira, indica que <b>o apoio dos cidad\u00e3os do bloco comunit\u00e1rio ao euro continua a ser muito forte<\/b>. <\/p>\n<p>Uma expressiva maioria &#8211; 70 por cento dos inquiridos &#8211; considera que a moeda \u00fanica \u00e9 boa para o pr\u00f3prio pa\u00eds. <b>Em Portugal, a percentagem chega aos 69 por cento<\/b>.A maioria dos inquiridos da \u00e1rea da moeda \u00fanica considera que o euro tornou as viagens mais f\u00e1ceis e menos dispendiosas. <br \/>&#13;\n<\/p>\n<p><b>Oito em cada dez inquiridos afirmam que a moeda \u00fanica facilitou a compara\u00e7\u00e3o de pre\u00e7os<\/b> quando fazem compras em diferentes pa\u00edses da \u00e1rea do euro, incluindo na Internet.<\/p>\n<p><b>Oitenta e quatro por cento dos portugueses consideram ainda que o euro facilitou a possibilidade de fazer neg\u00f3cios noutros pa\u00edses<\/b>.O inqu\u00e9rito quis tamb\u00e9m apurar em que sectores devem ocorrer reformas com vista a impulsionar o crescimento e o emprego.<\/p>\n<p><b>A maioria dos inquiridos entende que as reformas devem ser aplicadas nos sistemas de sa\u00fade<\/b> &#8211; 71 por cento dos europeus e 65 por cento a n\u00edvel nacional. <b>Seguem-se os sistemas de educa\u00e7\u00e3o<\/b> \u2013 69 por cento a n\u00edvel europeu e 63 por cento dos portugueses &#8211; <b>e laborais<\/b>. <\/p>\n<p><b>Cinquenta e sete por cento dos inquiridos em Portugal consideram muito importante que haja altera\u00e7\u00f5es no sistema laboral, 37 por cento no sistema de pens\u00f5es e 38 por cento no sistema de impostos<\/b>, m\u00e9dias sempre inferiores \u00e0s da Uni\u00e3o Europeia.&#13;\n            <\/p>\n","protected":false},"excerpt":{"rendered":"O \u00faltimo Eurobar\u00f3metro realizado pela Comiss\u00e3o Europeia, cujos resultados foram conhecidos esta segunda-feira, indica que o apoio dos&hellip;\n","protected":false},"author":2,"featured_media":180257,"comment_status":"","ping_status":"","sticky":false,"template":"","format":"standard","meta":{"footnotes":""},"categories":[83],"tags":[88,89,90,3247,36958,27153,32,33,636,36840],"class_list":{"0":"post-180256","1":"post","2":"type-post","3":"status-publish","4":"format-standard","5":"has-post-thumbnail","7":"category-empresas","8":"tag-business","9":"tag-economy","10":"tag-empresas","11":"tag-euro","12":"tag-eurobarometro","13":"tag-moeda","14":"tag-portugal","15":"tag-pt","16":"tag-uniao-europeia","17":"tag-unica"},"share_on_mastodon":{"url":"https:\/\/pubeurope.com\/@pt\/115685008727981380","error":""},"_links":{"self":[{"href":"https:\/\/www.europesays.com\/pt\/wp-json\/wp\/v2\/posts\/180256","targetHints":{"allow":["GET"]}}],"collection":[{"href":"https:\/\/www.europesays.com\/pt\/wp-json\/wp\/v2\/posts"}],"about":[{"href":"https:\/\/www.europesays.com\/pt\/wp-json\/wp\/v2\/types\/post"}],"author":[{"embeddable":true,"href":"https:\/\/www.europesays.com\/pt\/wp-json\/wp\/v2\/users\/2"}],"replies":[{"embeddable":true,"href":"https:\/\/www.europesays.com\/pt\/wp-json\/wp\/v2\/comments?post=180256"}],"version-history":[{"count":0,"href":"https:\/\/www.europesays.com\/pt\/wp-json\/wp\/v2\/posts\/180256\/revisions"}],"wp:featuredmedia":[{"embeddable":true,"href":"https:\/\/www.europesays.com\/pt\/wp-json\/wp\/v2\/media\/180257"}],"wp:attachment":[{"href":"https:\/\/www.europesays.com\/pt\/wp-json\/wp\/v2\/media?parent=180256"}],"wp:term":[{"taxonomy":"category","embeddable":true,"href":"https:\/\/www.europesays.com\/pt\/wp-json\/wp\/v2\/categories?post=180256"},{"taxonomy":"post_tag","embeddable":true,"href":"https:\/\/www.europesays.com\/pt\/wp-json\/wp\/v2\/tags?post=180256"}],"curies":[{"name":"wp","href":"https:\/\/api.w.org\/{rel}","templated":true}]}}