{"id":180272,"date":"2025-12-08T17:09:09","date_gmt":"2025-12-08T17:09:09","guid":{"rendered":"https:\/\/www.europesays.com\/pt\/180272\/"},"modified":"2025-12-08T17:09:09","modified_gmt":"2025-12-08T17:09:09","slug":"episodio-n-o1-o-grito-series-nacionais-rtp","status":"publish","type":"post","link":"https:\/\/www.europesays.com\/pt\/180272\/","title":{"rendered":"Epis\u00f3dio n.\u00ba1 &#8211; O Grito &#8211; S\u00e9ries Nacionais &#8211; RTP"},"content":{"rendered":"<ol>\n<li><a href=\"https:\/\/news.google.com\/rss\/articles\/CBMiUkFVX3lxTE0ycUlfU0NGSnpjVGd2WURwbEJsYWczRVE3QnFDZE52cF9feGhnLUhNelU4UDJoYlhSYmZjaS04MUZkSVA3MkFsek9Ya3Q5WFhQeXc?oc=5\" target=\"_blank\" rel=\"nofollow noopener\">Epis\u00f3dio n.\u00ba1 &#8211; O Grito &#8211; S\u00e9ries Nacionais<\/a>&nbsp;&nbsp;RTP<\/li>\n<li><a href=\"https:\/\/news.google.com\/rss\/articles\/CBMiTkFVX3lxTE05UzFVMWQzQzFwaUZRU2lneVRwdHZJZzR1VVoxYklVbUhWc1RYcVdyVWxnclhEVHlWWk5fV1dTc3oxcTRwMWNGM0xrVHdGZw?oc=5\" target=\"_blank\" rel=\"nofollow noopener\">O Grito<\/a>&nbsp;&nbsp;RTP<\/li>\n<li><a href=\"https:\/\/news.google.com\/rss\/articles\/CBMimAFBVV95cUxQWEhvaHlVNUtFWHNKSnVqdWhLc2ozMURObGJHMGo3RkpCcENmTC0tZzFDWTRCTURiVEx3T2U5RnRCS21jbGRHRnhfdTdycC1uWWxTMDVDYXNtbWhtc04wZGlaamtEY205Mi1TVi1pMHNTQkp2aG1xcUJFZlpVN3ROWjRwWkdSay1HX2x4NVRFN0t5VTJRT3g4UtIBjAFBVV95cUxQemFMQS1HemllSUpVRkZla256Y3FDZi1wcExqZHhJSXQ5Q3pWa09QeUt3N0pLZzBHLXg2TUJZQzNwY2pkTXlwMHc4bnhabkNDWDA2UkVRR3dVZ1NaZnpYSTN2V0paNjN1VEtaVmROZzZaWGVtYUVLQWd5VkZvSWU5WVlDZ0dCQmlWRVdiSQ?oc=5\" target=\"_blank\" rel=\"nofollow noopener\">Daniela Ruah: &#8220;Espero que a s\u00e9rie &#8216;O Grito&#8217; traga di\u00e1logo&#8221;<\/a>&nbsp;&nbsp;Jornal de Not\u00edcias<\/li>\n<li><a href=\"https:\/\/news.google.com\/rss\/articles\/CBMirAFBVV95cUxQcVJ1Y3NiZlZWSTBNdE9jLXE0RzRZOGJsa2Ria2p4LWFnRl9GUUdyRDktZzNHSkRFMEg0RXJpSEw2RXhxbTlCcmtEUFc2ZExWLTkzZG9hS2dBN25Sc1NZbDFRRDFqOVBjVnBYYzhCcGluckRBb3B3YUtqR1ZDX1cyYmtidExwWVF6Ui1zdngtTXBUX2pSZ3lkaWxWOE5OdDdVNHNlUS15a3AwMGV6?oc=5\" target=\"_blank\" rel=\"nofollow noopener\">S\u00e9rie que junta Daniela Ruah e Sara Matos chega esta semana \u00e0 televis\u00e3o<\/a>&nbsp;&nbsp;nit.pt<\/li>\n<li><a href=\"https:\/\/news.google.com\/rss\/articles\/CBMilwFBVV95cUxQRGI4dV9sNktwZllMY1Z2RTIzSmRPTTduOXh3Mzg3bkZsVktQcnJuNHMzUVhDVGRmYTYtS3FleUQ2SGlCUjFSX1R4WHJvcW1UeldEUlZ5YnZJUjBzTDZ6UlRobmhuLU9EQk01TEprTHJuMmtOek9TVkNwdTZIN09lRFJLTUp1dGUxdHFrYVp2UHE4ZzJtVDFN?oc=5\" target=\"_blank\" rel=\"nofollow noopener\">&#8220;O Grito&#8221;: S\u00e9rie portuguesa com Sara Matos e Daniela Ruah estreia na RTP1<\/a>&nbsp;&nbsp;cinevisao<\/li>\n<\/ol>\n","protected":false},"excerpt":{"rendered":"Epis\u00f3dio n.\u00ba1 &#8211; O Grito &#8211; S\u00e9ries Nacionais&nbsp;&nbsp;RTP O Grito&nbsp;&nbsp;RTP Daniela Ruah: &#8220;Espero que a s\u00e9rie &#8216;O Grito&#8217;&hellip;\n","protected":false},"author":2,"featured_media":180273,"comment_status":"","ping_status":"","sticky":false,"template":"","format":"standard","meta":{"footnotes":""},"categories":[85],"tags":[114,115,28983,32,33],"class_list":{"0":"post-180272","1":"post","2":"type-post","3":"status-publish","4":"format-standard","5":"has-post-thumbnail","7":"category-entretenimento","8":"tag-entertainment","9":"tag-entretenimento","10":"tag-episdio-n-1","11":"tag-portugal","12":"tag-pt"},"share_on_mastodon":{"url":"","error":""},"_links":{"self":[{"href":"https:\/\/www.europesays.com\/pt\/wp-json\/wp\/v2\/posts\/180272","targetHints":{"allow":["GET"]}}],"collection":[{"href":"https:\/\/www.europesays.com\/pt\/wp-json\/wp\/v2\/posts"}],"about":[{"href":"https:\/\/www.europesays.com\/pt\/wp-json\/wp\/v2\/types\/post"}],"author":[{"embeddable":true,"href":"https:\/\/www.europesays.com\/pt\/wp-json\/wp\/v2\/users\/2"}],"replies":[{"embeddable":true,"href":"https:\/\/www.europesays.com\/pt\/wp-json\/wp\/v2\/comments?post=180272"}],"version-history":[{"count":0,"href":"https:\/\/www.europesays.com\/pt\/wp-json\/wp\/v2\/posts\/180272\/revisions"}],"wp:featuredmedia":[{"embeddable":true,"href":"https:\/\/www.europesays.com\/pt\/wp-json\/wp\/v2\/media\/180273"}],"wp:attachment":[{"href":"https:\/\/www.europesays.com\/pt\/wp-json\/wp\/v2\/media?parent=180272"}],"wp:term":[{"taxonomy":"category","embeddable":true,"href":"https:\/\/www.europesays.com\/pt\/wp-json\/wp\/v2\/categories?post=180272"},{"taxonomy":"post_tag","embeddable":true,"href":"https:\/\/www.europesays.com\/pt\/wp-json\/wp\/v2\/tags?post=180272"}],"curies":[{"name":"wp","href":"https:\/\/api.w.org\/{rel}","templated":true}]}}