{"id":180305,"date":"2025-12-08T17:40:09","date_gmt":"2025-12-08T17:40:09","guid":{"rendered":"https:\/\/www.europesays.com\/pt\/180305\/"},"modified":"2025-12-08T17:40:09","modified_gmt":"2025-12-08T17:40:09","slug":"prefeitura-com-voce-atende-no-telespark-neste-sabado","status":"publish","type":"post","link":"https:\/\/www.europesays.com\/pt\/180305\/","title":{"rendered":"Prefeitura com Voc\u00ea atende no Telespark neste s\u00e1bado"},"content":{"rendered":"<p>&#13;<br \/>\n                        <b>Paula Pessoa<\/b><br \/>&#13;<br \/>\n                Governan\u00e7a&#13;\n            <\/p>\n<p dir=\"ltr\">Colaborou a estagi\u00e1ria Mirella Ramos Ferreira<\/p>\n<p dir=\"ltr\">Neste s\u00e1bado (13), os moradores do Jardim Telespark e da regi\u00e3o norte ter\u00e3o acesso a diversos servi\u00e7os p\u00fablicos gratuitos na 6\u00aa edi\u00e7\u00e3o do Prefeitura com Voc\u00ea. O evento ser\u00e1 realizado das 9h \u00e0s 13h, na Emefi Mariana Teixeira Corn\u00e9lio, que fica na Rua Benedito Pereira Lima, 200.<\/p>\n<p dir=\"ltr\">Os atendimentos ser\u00e3o em todas as \u00e1reas da Prefeitura, como sa\u00fade, social, transporte, finan\u00e7as, habita\u00e7\u00e3o, esporte e cultura. A Loja Solid\u00e1ria do Fundo Social tamb\u00e9m estar\u00e1 \u00e0 disposi\u00e7\u00e3o da comunidade.<\/p>\n<p dir=\"ltr\">Entre os servi\u00e7os oferecidos, est\u00e3o a aplica\u00e7\u00e3o de v\u00e1rias vacinas, regulariza\u00e7\u00e3o fundi\u00e1ria e orienta\u00e7\u00f5es sobre cart\u00f5es de \u00f4nibus e credenciais de estacionamento. Outro destaque \u00e9 a oportunidade de renegociar os d\u00e9bitos municipais diretamente com a equipe do programa T\u00e1 Pago, T\u00e1 em Dia.<\/p>\n<p dir=\"ltr\">Desde o in\u00edcio do ano, o programa j\u00e1 passou pelos bairros Campo dos Alem\u00e3es, Pinheirinho dos Palmares, Jardim Jussara, Jardim S\u00e3o Jos\u00e9 II e Jardim Veneza.<\/p>\n<p dir=\"ltr\">Principais servi\u00e7os<\/p>\n<p dir=\"ltr\"><strong>Sa\u00fade<\/strong><\/p>\n<ul>\n<li>Vacina\u00e7\u00e3o contra HPV, hepatite B, sarampo, caxumba e rub\u00e9ola, difteria e t\u00e9tano, covid-19, gripe, febre amarela e dengue<\/li>\n<li>Teste r\u00e1pido (HIV, s\u00edfilis, hepatites B e C)<\/li>\n<li>Vacina\u00e7\u00e3o antirr\u00e1bica (c\u00e3es e gatos)<\/li>\n<\/ul>\n<p dir=\"ltr\"><strong>Habita\u00e7\u00e3o<\/strong><\/p>\n<ul>\n<li>Inscri\u00e7\u00e3o no Programa Habitacional<\/li>\n<li>Regulariza\u00e7\u00e3o fundi\u00e1ria<\/li>\n<\/ul>\n<p dir=\"ltr\"><strong>Transporte<\/strong><\/p>\n<ul>\n<li>Credencial de estacionamento para idoso<\/li>\n<li>Orienta\u00e7\u00f5es sobre cart\u00e3o de \u00f4nibus e credencial de estacionamento para pessoa com defici\u00eancia<\/li>\n<li>Cart\u00f5es de \u00f4nibus (vale-transporte, estudante, idoso)<\/li>\n<li>Transporte adaptado<\/li>\n<\/ul>\n<p dir=\"ltr\"><strong>Finan\u00e7as e protocolo<\/strong><\/p>\n<ul>\n<li>Programa T\u00e1 Pago, T\u00e1 em Dia<\/li>\n<li>2\u00aa via do IPTU<\/li>\n<li>Parcelamento de d\u00edvidas<\/li>\n<li>Abertura de protocolos<\/li>\n<\/ul>\n<p dir=\"ltr\"><strong>Social<\/strong><\/p>\n<ul>\n<li>Orienta\u00e7\u00e3o sobre Cadastro \u00danico (Cad\u00danico)<\/li>\n<li>Posto de Atendimento ao Trabalhador (PAT)<\/li>\n<li>Qualifica S\u00e3o Jos\u00e9<\/li>\n<li>Corte de Cabelo<\/li>\n<li>Loja Solid\u00e1ria<\/li>\n<\/ul>\n<p dir=\"ltr\"><strong>Esporte e cultura<\/strong><\/p>\n<ul>\n<li>Rua de lazer<\/li>\n<li>Inscri\u00e7\u00e3o pelo aplicativo S\u00e3o Jos\u00e9 Viva<\/li>\n<\/ul>\n<p>&#13;<br \/>\n                    <strong>MAIS NOT\u00cdCIAS<\/strong><br \/>&#13;<br \/>\n                    <a href=\"https:\/\/www.sjc.sp.gov.br\/noticias\/?tema=8\" rel=\"nofollow noopener\" target=\"_blank\">Governan\u00e7a<\/a>&#13;\n                <\/p>\n","protected":false},"excerpt":{"rendered":"&#13; Paula Pessoa&#13; Governan\u00e7a&#13; Colaborou a estagi\u00e1ria Mirella Ramos Ferreira Neste s\u00e1bado (13), os moradores do Jardim Telespark&hellip;\n","protected":false},"author":2,"featured_media":180306,"comment_status":"","ping_status":"","sticky":false,"template":"","format":"standard","meta":{"footnotes":""},"categories":[86],"tags":[1300,116,3048,32,3046,33,3049,117,3047],"class_list":{"0":"post-180305","1":"post","2":"type-post","3":"status-publish","4":"format-standard","5":"has-post-thumbnail","7":"category-saude","8":"tag-cidade","9":"tag-health","10":"tag-online","11":"tag-portugal","12":"tag-prefeitura","13":"tag-pt","14":"tag-so-jos-dos-campos","15":"tag-saude","16":"tag-servios"},"share_on_mastodon":{"url":"https:\/\/pubeurope.com\/@pt\/115685177860651491","error":""},"_links":{"self":[{"href":"https:\/\/www.europesays.com\/pt\/wp-json\/wp\/v2\/posts\/180305","targetHints":{"allow":["GET"]}}],"collection":[{"href":"https:\/\/www.europesays.com\/pt\/wp-json\/wp\/v2\/posts"}],"about":[{"href":"https:\/\/www.europesays.com\/pt\/wp-json\/wp\/v2\/types\/post"}],"author":[{"embeddable":true,"href":"https:\/\/www.europesays.com\/pt\/wp-json\/wp\/v2\/users\/2"}],"replies":[{"embeddable":true,"href":"https:\/\/www.europesays.com\/pt\/wp-json\/wp\/v2\/comments?post=180305"}],"version-history":[{"count":0,"href":"https:\/\/www.europesays.com\/pt\/wp-json\/wp\/v2\/posts\/180305\/revisions"}],"wp:featuredmedia":[{"embeddable":true,"href":"https:\/\/www.europesays.com\/pt\/wp-json\/wp\/v2\/media\/180306"}],"wp:attachment":[{"href":"https:\/\/www.europesays.com\/pt\/wp-json\/wp\/v2\/media?parent=180305"}],"wp:term":[{"taxonomy":"category","embeddable":true,"href":"https:\/\/www.europesays.com\/pt\/wp-json\/wp\/v2\/categories?post=180305"},{"taxonomy":"post_tag","embeddable":true,"href":"https:\/\/www.europesays.com\/pt\/wp-json\/wp\/v2\/tags?post=180305"}],"curies":[{"name":"wp","href":"https:\/\/api.w.org\/{rel}","templated":true}]}}