{"id":180327,"date":"2025-12-08T17:58:10","date_gmt":"2025-12-08T17:58:10","guid":{"rendered":"https:\/\/www.europesays.com\/pt\/180327\/"},"modified":"2025-12-08T17:58:10","modified_gmt":"2025-12-08T17:58:10","slug":"zelensky-diz-que-nao-ha-acordo-sobre-cedencias-territorios-nas-negociacoes-de-paz","status":"publish","type":"post","link":"https:\/\/www.europesays.com\/pt\/180327\/","title":{"rendered":"Zelensky diz que n\u00e3o h\u00e1 acordo sobre ced\u00eancias territ\u00f3rios nas negocia\u00e7\u00f5es de paz"},"content":{"rendered":"<p>Volodymyr Zelensky afirmou que ainda existem vis\u00f5es diferentes sobre como resolver as disputas territoriais no \u00e2mbito de um futuro acordo de paz.<\/p>\n<p>Em entrevista \u00e0 Bloomberg News, o presidente ucraniano disse que <strong>existem \u201cvis\u00f5es dos Estados Unidos, da R\u00fassia e da Ucr\u00e2nia\u201d sobre como resolver a quest\u00e3o, mas ainda n\u00e3o h\u00e1 &#8220;uma vis\u00e3o unificada sobre o Donbass\u201d.<\/strong><\/p>\n<p>Zelensky adiantou que a Ucr\u00e2nia est\u00e1 a pressionar por um acordo separado sobre garantias de seguran\u00e7a por parte dos aliados ocidentais, principalmente dos EUA.<\/p>\n<p>\u201cH\u00e1 uma quest\u00e3o para a qual eu \u2013 e todos os ucranianos \u2013 queremos uma resposta: se a R\u00fassia voltar a iniciar a guerra, o que far\u00e3o os nossos parceiros?\u201d, questionou Zelensky.<\/p>\n<p><strong>Esta quest\u00e3o dever\u00e1 ter tido um papel central na reuni\u00e3o desta segunda-feira de Zelensky em Londres com o primeiro-ministro brit\u00e2nico Keir Starmer, o presidente franc\u00eas Emmanuel Macron e o chanceler alem\u00e3o Friedrich Merz.<\/strong><\/p>\n<p>Os quatro l\u00edderes estiveram reunidos, posaram para as fotografias, mas n\u00e3o adiantaram detalhes em rela\u00e7\u00e3o ao que foi falado. No fundo, o encontro serviu essencialmente para mostrar o apoio \u00e0 Ucr\u00e2nia neste momento crucial para o pa\u00eds.<\/p>\n<p>&#8220;\u00c9 muito bom v\u00ea-los aqui, quase no quarto anivers\u00e1rio deste terr\u00edvel conflito, num momento cr\u00edtico na busca da paz&#8221;, disse Starmer ap\u00f3s receber os l\u00edderes na sua resid\u00eancia em Downing Street. &#8220;Estamos com a Ucr\u00e2nia e, se houver um cessar-fogo, \u00e9 necess\u00e1rio que seja justo e duradouro&#8221;, acrescentou.<\/p>\n<p>Macron e Merz manifestaram ainda a sua determina\u00e7\u00e3o em prosseguir um plano firme, numa altura que o chanceler alem\u00e3o descreveu como &#8220;decisiva&#8230; para todos n\u00f3s&#8221;. <\/p>\n<p>Zelensky destacou o equil\u00edbrio delicado que as pot\u00eancias europeias precisam de alcan\u00e7ar ao tentar negociar melhores condi\u00e7\u00f5es para o plano proposto pelos EUA. &#8220;H\u00e1 algumas coisas que n\u00e3o podemos gerir sem os americanos, coisas que n\u00e3o podemos gerir sem a Europa, \u00e9 por isso que precisamos de tomar algumas decis\u00f5es importantes&#8221;, disse Zelensky.<\/p>\n","protected":false},"excerpt":{"rendered":"Volodymyr Zelensky afirmou que ainda existem vis\u00f5es diferentes sobre como resolver as disputas territoriais no \u00e2mbito de um&hellip;\n","protected":false},"author":2,"featured_media":180328,"comment_status":"","ping_status":"","sticky":false,"template":"","format":"standard","meta":{"footnotes":""},"categories":[50],"tags":[27,28,15,16,889,14,25,26,21,22,62,12,13,19,20,23,24,17,18,29,30,31,2416,63,64,65],"class_list":{"0":"post-180327","1":"post","2":"type-post","3":"status-publish","4":"format-standard","5":"has-post-thumbnail","7":"category-mundo","8":"tag-breaking-news","9":"tag-breakingnews","10":"tag-featured-news","11":"tag-featurednews","12":"tag-guerra-na-ucrania","13":"tag-headlines","14":"tag-latest-news","15":"tag-latestnews","16":"tag-main-news","17":"tag-mainnews","18":"tag-mundo","19":"tag-news","20":"tag-noticias","21":"tag-noticias-principais","22":"tag-noticiasprincipais","23":"tag-principais-noticias","24":"tag-principaisnoticias","25":"tag-top-stories","26":"tag-topstories","27":"tag-ultimas","28":"tag-ultimas-noticias","29":"tag-ultimasnoticias","30":"tag-volodymyr-zelensky","31":"tag-world","32":"tag-world-news","33":"tag-worldnews"},"share_on_mastodon":{"url":"https:\/\/pubeurope.com\/@pt\/115685248424450339","error":""},"_links":{"self":[{"href":"https:\/\/www.europesays.com\/pt\/wp-json\/wp\/v2\/posts\/180327","targetHints":{"allow":["GET"]}}],"collection":[{"href":"https:\/\/www.europesays.com\/pt\/wp-json\/wp\/v2\/posts"}],"about":[{"href":"https:\/\/www.europesays.com\/pt\/wp-json\/wp\/v2\/types\/post"}],"author":[{"embeddable":true,"href":"https:\/\/www.europesays.com\/pt\/wp-json\/wp\/v2\/users\/2"}],"replies":[{"embeddable":true,"href":"https:\/\/www.europesays.com\/pt\/wp-json\/wp\/v2\/comments?post=180327"}],"version-history":[{"count":0,"href":"https:\/\/www.europesays.com\/pt\/wp-json\/wp\/v2\/posts\/180327\/revisions"}],"wp:featuredmedia":[{"embeddable":true,"href":"https:\/\/www.europesays.com\/pt\/wp-json\/wp\/v2\/media\/180328"}],"wp:attachment":[{"href":"https:\/\/www.europesays.com\/pt\/wp-json\/wp\/v2\/media?parent=180327"}],"wp:term":[{"taxonomy":"category","embeddable":true,"href":"https:\/\/www.europesays.com\/pt\/wp-json\/wp\/v2\/categories?post=180327"},{"taxonomy":"post_tag","embeddable":true,"href":"https:\/\/www.europesays.com\/pt\/wp-json\/wp\/v2\/tags?post=180327"}],"curies":[{"name":"wp","href":"https:\/\/api.w.org\/{rel}","templated":true}]}}