{"id":180332,"date":"2025-12-08T18:05:09","date_gmt":"2025-12-08T18:05:09","guid":{"rendered":"https:\/\/www.europesays.com\/pt\/180332\/"},"modified":"2025-12-08T18:05:09","modified_gmt":"2025-12-08T18:05:09","slug":"fabio-no-limite-com-liliana-devias-era-ter-vergonha-do-que-tu-dizes-secret-story","status":"publish","type":"post","link":"https:\/\/www.europesays.com\/pt\/180332\/","title":{"rendered":"F\u00e1bio no limite com Liliana: \u00abDevias era ter vergonha do que tu dizes\u00bb &#8211; Secret Story"},"content":{"rendered":"<p>No <strong>Secret Story 9<\/strong>, o clima azedou entre o casal Liliana e F\u00e1bio. Liliana acusa o namorado de estar diferente consigo e tenta pression\u00e1-lo para perceber se \u00e9 verdade e o que este lhe est\u00e1 a esconder. F\u00e1bio acaba por atingir o limite ao ouvir as acusa\u00e7\u00f5es da namorada e fica zangado com o que esta disse.<\/p>\n<p>A gala de ontem foi cheia de emo\u00e7\u00f5es fortes, <strong>marcada por mais uma sa\u00edda da casa mais vigiada do Pa\u00eds<\/strong>. Ao longo da gala do Secret Story 9 deste domingo, dia 7 de dezembro, <strong>as percentagens foram reveladas e rapidamente se percebeu que a disputa estava mais apertada do que nunca.<\/strong><\/p>\n<p><strong>Marisa foi a primeira concorrente a ser salva<\/strong>, conquistando 36% dos votos. Os restantes quatro nomes mantiveram-se em risco, numa batalha intensa pela perman\u00eancia at\u00e9 ao fim.<\/p>\n<p>Quando chegou o momento decisivo, as diferen\u00e7as eram m\u00ednimas. <strong>Pedro somou 50% e Liliana reuniu 33%<\/strong>. Mas a concorrente menos votada e, por isso, a abandonar este domingo a casa mais vigiada do Pa\u00eds foi <strong>Bruna, com apenas 17% dos votos.\u00a0<\/strong><\/p>\n","protected":false},"excerpt":{"rendered":"No Secret Story 9, o clima azedou entre o casal Liliana e F\u00e1bio. Liliana acusa o namorado de&hellip;\n","protected":false},"author":2,"featured_media":180333,"comment_status":"","ping_status":"","sticky":false,"template":"","format":"standard","meta":{"footnotes":""},"categories":[142],"tags":[19374,19373,114,115,19082,19016,19375,32,33,151],"class_list":{"0":"post-180332","1":"post","2":"type-post","3":"status-publish","4":"format-standard","5":"has-post-thumbnail","7":"category-tv","8":"tag-confrontos-concorrentes","9":"tag-discussoes-secret-story","10":"tag-entertainment","11":"tag-entretenimento","12":"tag-fabio","13":"tag-liliana","14":"tag-polemicas","15":"tag-portugal","16":"tag-pt","17":"tag-tv"},"share_on_mastodon":{"url":"https:\/\/pubeurope.com\/@pt\/115685276214426002","error":""},"_links":{"self":[{"href":"https:\/\/www.europesays.com\/pt\/wp-json\/wp\/v2\/posts\/180332","targetHints":{"allow":["GET"]}}],"collection":[{"href":"https:\/\/www.europesays.com\/pt\/wp-json\/wp\/v2\/posts"}],"about":[{"href":"https:\/\/www.europesays.com\/pt\/wp-json\/wp\/v2\/types\/post"}],"author":[{"embeddable":true,"href":"https:\/\/www.europesays.com\/pt\/wp-json\/wp\/v2\/users\/2"}],"replies":[{"embeddable":true,"href":"https:\/\/www.europesays.com\/pt\/wp-json\/wp\/v2\/comments?post=180332"}],"version-history":[{"count":0,"href":"https:\/\/www.europesays.com\/pt\/wp-json\/wp\/v2\/posts\/180332\/revisions"}],"wp:featuredmedia":[{"embeddable":true,"href":"https:\/\/www.europesays.com\/pt\/wp-json\/wp\/v2\/media\/180333"}],"wp:attachment":[{"href":"https:\/\/www.europesays.com\/pt\/wp-json\/wp\/v2\/media?parent=180332"}],"wp:term":[{"taxonomy":"category","embeddable":true,"href":"https:\/\/www.europesays.com\/pt\/wp-json\/wp\/v2\/categories?post=180332"},{"taxonomy":"post_tag","embeddable":true,"href":"https:\/\/www.europesays.com\/pt\/wp-json\/wp\/v2\/tags?post=180332"}],"curies":[{"name":"wp","href":"https:\/\/api.w.org\/{rel}","templated":true}]}}