{"id":180373,"date":"2025-12-08T18:35:34","date_gmt":"2025-12-08T18:35:34","guid":{"rendered":"https:\/\/www.europesays.com\/pt\/180373\/"},"modified":"2025-12-08T18:35:34","modified_gmt":"2025-12-08T18:35:34","slug":"secret-story-vera-claudia-tem-medo-de-ir-as-galas-a-ex-concorrente-responde-sem-papas-na-lingua","status":"publish","type":"post","link":"https:\/\/www.europesays.com\/pt\/180373\/","title":{"rendered":"&#8220;Secret Story&#8221;: Vera Cl\u00e1udia tem &#8220;medo&#8221; de ir \u00e0s galas? A ex-concorrente responde&#8230; sem papas na l\u00edngua!"},"content":{"rendered":"<p>No decorrer da gala deste domingo, dia 7, de &#8220;<a href=\"https:\/\/tvi.iol.pt\/secretstory\/\" target=\"_blank\" rel=\"nofollow noopener\">Secret Story &#8211; Casa dos Segredos<\/a>&#8220;, em conversa com Cristina Ferreira, <a href=\"https:\/\/selfie.iol.pt\/famosos\/casa-dos-segredos\/em-plena-gala-de-secret-story-dylan-mete-se-com-vera-claudia-deve-ter-medo\/20251207\/69360598d34e3caad84c2182\" target=\"_blank\" rel=\"nofollow noopener\">Dylan acabou por lan\u00e7ar uma farpa a Vera.<\/a><\/p>\n<p>&#8220;Ela deve ter medo&#8230; Na semana passada, devia saber que eu ia sair, n\u00e3o veio. Esta semana, tamb\u00e9m n\u00e3o&#8230; Pode ser que venha para a semana&#8221;, assinalou, referindo-se \u00e0 aus\u00eancia da jovem nas mais recentes galas.<\/p>\n<p>Vera n\u00e3o se mostrou indiferente e j\u00e1 reagiu no Instagram. &#8220;Quero esclarecer um ponto que foi completamente deturpado: n\u00e3o faltei a nenhuma gala por medo de ningu\u00e9m&#8221;, come\u00e7ou por afirmar, sublinhando, de seguida: &#8220;Esta narrativa \u00e9 t\u00e3o absurda quanto conveniente para quem precisa de inventar hist\u00f3rias para se manter relevante. Durante o programa, mostrei v\u00e1rias vezes que n\u00e3o me intimido com provoca\u00e7\u00f5es e quem acompanhou sabe disso perfeitamente.&#8221;<\/p>\n<p>&#8220;A verdade \u00e9 simples: n\u00e3o fui \u00e0s galas, porque tenho uma vida c\u00e1 fora, com responsabilidades e prioridades reais. A minha imagem, o meu tempo e o meu bem-estar valem muito mais [&#8230;]. Fiz uma escolha consciente de preservar aquilo que realmente importa: a minha vida, o meu trabalho e a minha dignidade e estar com as minhas filhas&#8221;, completou.<\/p>\n<p>Durante a gala, Dylan j\u00e1 soube desta rea\u00e7\u00e3o e fez quest\u00e3o de esclarecer: &#8220;J\u00e1 estou arrependido de ter dito isso. N\u00e3o quero estar aqui com problemas, muito menos com a Vera. N\u00e3o disse aquilo com o intuito que ela pensou.&#8221;\u00a0<\/p>\n<p>Veja, agora, algumas das melhores imagens de Vera na galeria de fotografias que prepar\u00e1mos para si.<\/p>\n<p><img decoding=\"async\" alt=\"\" onclick=\"\" src=\"https:\/\/www.europesays.com\/pt\/wp-content\/uploads\/2025\/12\/1765218934_254_1024.jpeg\" title=\"Vera Cl\u00e1udia\"\/><\/p>\n","protected":false},"excerpt":{"rendered":"No decorrer da gala deste domingo, dia 7, de &#8220;Secret Story &#8211; Casa dos Segredos&#8220;, em conversa com&hellip;\n","protected":false},"author":2,"featured_media":180374,"comment_status":"","ping_status":"","sticky":false,"template":"","format":"standard","meta":{"footnotes":""},"categories":[142],"tags":[2632,114,115,980,1015,619,32,33,1014,1315,1012,151,162,11841],"class_list":{"0":"post-180373","1":"post","2":"type-post","3":"status-publish","4":"format-standard","5":"has-post-thumbnail","7":"category-tv","8":"tag-casa-dos-segredos","9":"tag-entertainment","10":"tag-entretenimento","11":"tag-famosos","12":"tag-instagram","13":"tag-nacional","14":"tag-portugal","15":"tag-pt","16":"tag-reality-show","17":"tag-secret-story","18":"tag-selfie","19":"tag-tv","20":"tag-tvi","21":"tag-vera"},"share_on_mastodon":{"url":"https:\/\/pubeurope.com\/@pt\/115685394241675926","error":""},"_links":{"self":[{"href":"https:\/\/www.europesays.com\/pt\/wp-json\/wp\/v2\/posts\/180373","targetHints":{"allow":["GET"]}}],"collection":[{"href":"https:\/\/www.europesays.com\/pt\/wp-json\/wp\/v2\/posts"}],"about":[{"href":"https:\/\/www.europesays.com\/pt\/wp-json\/wp\/v2\/types\/post"}],"author":[{"embeddable":true,"href":"https:\/\/www.europesays.com\/pt\/wp-json\/wp\/v2\/users\/2"}],"replies":[{"embeddable":true,"href":"https:\/\/www.europesays.com\/pt\/wp-json\/wp\/v2\/comments?post=180373"}],"version-history":[{"count":0,"href":"https:\/\/www.europesays.com\/pt\/wp-json\/wp\/v2\/posts\/180373\/revisions"}],"wp:featuredmedia":[{"embeddable":true,"href":"https:\/\/www.europesays.com\/pt\/wp-json\/wp\/v2\/media\/180374"}],"wp:attachment":[{"href":"https:\/\/www.europesays.com\/pt\/wp-json\/wp\/v2\/media?parent=180373"}],"wp:term":[{"taxonomy":"category","embeddable":true,"href":"https:\/\/www.europesays.com\/pt\/wp-json\/wp\/v2\/categories?post=180373"},{"taxonomy":"post_tag","embeddable":true,"href":"https:\/\/www.europesays.com\/pt\/wp-json\/wp\/v2\/tags?post=180373"}],"curies":[{"name":"wp","href":"https:\/\/api.w.org\/{rel}","templated":true}]}}